{"id":236031,"date":"2026-07-24T19:40:11","date_gmt":"2026-07-24T19:40:11","guid":{"rendered":"https:\/\/www.europesays.com\/ee\/236031\/"},"modified":"2026-07-24T19:40:11","modified_gmt":"2026-07-24T19:40:11","slug":"mere-kauplused-panid-eestis-uksed-kinni-ilmselt-on-pohjus-sanktsioonides","status":"publish","type":"post","link":"https:\/\/www.europesays.com\/ee\/236031\/","title":{"rendered":"Mere kauplused panid Eestis uksed kinni. Ilmselt on p\u00f5hjus sanktsioonides"},"content":{"rendered":"<p><img decoding=\"async\" src=\"https:\/\/www.europesays.com\/ee\/wp-content\/uploads\/2026\/07\/981c6fec-2bdc-4362-ae27-69193df7b18e.jpg\" loading=\"lazy\" alt=\"M\u00f5lemad Mere kauplused olid Eestis t\u00e4na suletud. Ustel olevatel siltidel sanktsioone ei mainita.&#10;\"\/><\/p>\n<p>M\u00f5lemad Mere kauplused olid Eestis t\u00e4na suletud. Ustel olevatel siltidel sanktsioone ei mainita.\n<\/p>\n<p>FOTO: Jevgenia Parv| Delfi Meedia<\/p>\n<p>Odavpoeketi MERE kauplused            <a rel=\"noopener nofollow\" target=\"_blank\" href=\"https:\/\/www.delfi.ee\/teema\/1158\/narva\" tag-id=\"1158\">Narvas<\/a> ja Tallinnas olid reedel suletud. Samal ajal l\u00f5petasid keti poed t\u00f6\u00f6 ka <a rel=\"noopener nofollow\" target=\"_blank\" href=\"https:\/\/www.delfi.ee\/teema\/28034759\/leedu\" tag-id=\"28034759\">Leedus<\/a>. Sulgemised tulid p\u00e4ev p\u00e4rast seda, kui Euroopa Liit kehtestas sanktsioonid MERE ketti kontrollivale Vene \u00e4rimehele Sergei \u0160naiderile.<\/p>\n","protected":false},"excerpt":{"rendered":"M\u00f5lemad Mere kauplused olid Eestis t\u00e4na suletud. Ustel olevatel siltidel sanktsioone ei mainita. FOTO: Jevgenia Parv| Delfi Meedia&hellip;\n","protected":false},"author":2,"featured_media":236032,"comment_status":"","ping_status":"","sticky":false,"template":"","format":"standard","meta":{"footnotes":"","_share_on_mastodon":"0"},"categories":[5],"tags":[26,27,37,33,35,34,36,16108,31,32,21,2264,28,29,115,2521,19,25,23,24,22,20,30],"class_list":["post-236031","post","type-post","status-publish","format-standard","has-post-thumbnail","category-uldised-uudised","tag-breaking-news","tag-breakingnews","tag-ee","tag-eesti","tag-eesti-keel","tag-estonia","tag-estonian","tag-euroopa-liidu-sanktsioonid","tag-featured-news","tag-featurednews","tag-headlines","tag-lasnamae","tag-latest-news","tag-latestnews","tag-leedu","tag-narva","tag-news","tag-populaarseimad-lood","tag-top-stories","tag-topstories","tag-uldised-uudised","tag-uudised","tag-viimased-uudised"],"share_on_mastodon":{"url":"https:\/\/pubeurope.com\/@ee\/116976656716899807","error":""},"_links":{"self":[{"href":"https:\/\/www.europesays.com\/ee\/wp-json\/wp\/v2\/posts\/236031","targetHints":{"allow":["GET"]}}],"collection":[{"href":"https:\/\/www.europesays.com\/ee\/wp-json\/wp\/v2\/posts"}],"about":[{"href":"https:\/\/www.europesays.com\/ee\/wp-json\/wp\/v2\/types\/post"}],"author":[{"embeddable":true,"href":"https:\/\/www.europesays.com\/ee\/wp-json\/wp\/v2\/users\/2"}],"replies":[{"embeddable":true,"href":"https:\/\/www.europesays.com\/ee\/wp-json\/wp\/v2\/comments?post=236031"}],"version-history":[{"count":0,"href":"https:\/\/www.europesays.com\/ee\/wp-json\/wp\/v2\/posts\/236031\/revisions"}],"wp:featuredmedia":[{"embeddable":true,"href":"https:\/\/www.europesays.com\/ee\/wp-json\/wp\/v2\/media\/236032"}],"wp:attachment":[{"href":"https:\/\/www.europesays.com\/ee\/wp-json\/wp\/v2\/media?parent=236031"}],"wp:term":[{"taxonomy":"category","embeddable":true,"href":"https:\/\/www.europesays.com\/ee\/wp-json\/wp\/v2\/categories?post=236031"},{"taxonomy":"post_tag","embeddable":true,"href":"https:\/\/www.europesays.com\/ee\/wp-json\/wp\/v2\/tags?post=236031"}],"curies":[{"name":"wp","href":"https:\/\/api.w.org\/{rel}","templated":true}]}}