{"id":236057,"date":"2026-07-24T20:37:06","date_gmt":"2026-07-24T20:37:06","guid":{"rendered":"https:\/\/www.europesays.com\/ee\/236057\/"},"modified":"2026-07-24T20:37:06","modified_gmt":"2026-07-24T20:37:06","slug":"uute-europangatahtede-otsingul-mida-tahaksid-eestlased-rahatahtedel-naha","status":"publish","type":"post","link":"https:\/\/www.europesays.com\/ee\/236057\/","title":{"rendered":"Uute europangat\u00e4htede otsingul: mida tahaksid eestlased rahat\u00e4htedel n\u00e4ha?"},"content":{"rendered":"<p class=\"normal1\">Disainer Helene Vetik \u00fctles, et osa kujundusi, mida Euroopa Keskpank neljap\u00e4eval tutvustas, ei tooks kaasa sisulist muutust ning kui disain on igav ja aegunud, pole \u00fcleminekul erilist m\u00f5tet. Samas on tema hinnangul ka v\u00e4ga h\u00e4id kavandeid, mis muudaksid kup\u00fc\u00fcrid nii kultuurilisest kui ka esteetilisest vaatenurgast huvitavaks.<\/p>\n<p class=\"normal1\">\u00abDisaine on seinast seina, rahat\u00e4htedel kujutatakse inimesi, linde ja arhitektuuri, ning stilistiliselt leiab kindlasti midagi, mis sobiks Eestile v\u00e4ga h\u00e4sti,\u00bb lausus ta, tuues meile sobivatena v\u00e4lja n\u00e4iteks linnud ja p\u00e4ikese.<\/p>\n","protected":false},"excerpt":{"rendered":"Disainer Helene Vetik \u00fctles, et osa kujundusi, mida Euroopa Keskpank neljap\u00e4eval tutvustas, ei tooks kaasa sisulist muutust ning&hellip;\n","protected":false},"author":2,"featured_media":236058,"comment_status":"","ping_status":"","sticky":false,"template":"","format":"standard","meta":{"footnotes":"","_share_on_mastodon":"0"},"categories":[89],"tags":[227,225,226,228,37,33,35,173,34,36,6939,2412,229,230,94048,140],"class_list":["post-236057","post","type-post","status-publish","format-standard","has-post-thumbnail","category-kunst-ja-kujundus","tag-arts","tag-arts-and-design","tag-artsdesign","tag-design","tag-ee","tag-eesti","tag-eesti-keel","tag-entertainment","tag-estonia","tag-estonian","tag-euro","tag-euroopa-keskpank","tag-kunst-ja-kujundus","tag-kunstkujundus","tag-kupuurid","tag-meelelahutus"],"share_on_mastodon":{"url":"https:\/\/pubeurope.com\/@ee\/116976880461375642","error":""},"_links":{"self":[{"href":"https:\/\/www.europesays.com\/ee\/wp-json\/wp\/v2\/posts\/236057","targetHints":{"allow":["GET"]}}],"collection":[{"href":"https:\/\/www.europesays.com\/ee\/wp-json\/wp\/v2\/posts"}],"about":[{"href":"https:\/\/www.europesays.com\/ee\/wp-json\/wp\/v2\/types\/post"}],"author":[{"embeddable":true,"href":"https:\/\/www.europesays.com\/ee\/wp-json\/wp\/v2\/users\/2"}],"replies":[{"embeddable":true,"href":"https:\/\/www.europesays.com\/ee\/wp-json\/wp\/v2\/comments?post=236057"}],"version-history":[{"count":0,"href":"https:\/\/www.europesays.com\/ee\/wp-json\/wp\/v2\/posts\/236057\/revisions"}],"wp:featuredmedia":[{"embeddable":true,"href":"https:\/\/www.europesays.com\/ee\/wp-json\/wp\/v2\/media\/236058"}],"wp:attachment":[{"href":"https:\/\/www.europesays.com\/ee\/wp-json\/wp\/v2\/media?parent=236057"}],"wp:term":[{"taxonomy":"category","embeddable":true,"href":"https:\/\/www.europesays.com\/ee\/wp-json\/wp\/v2\/categories?post=236057"},{"taxonomy":"post_tag","embeddable":true,"href":"https:\/\/www.europesays.com\/ee\/wp-json\/wp\/v2\/tags?post=236057"}],"curies":[{"name":"wp","href":"https:\/\/api.w.org\/{rel}","templated":true}]}}