{"id":236169,"date":"2026-07-25T03:43:09","date_gmt":"2026-07-25T03:43:09","guid":{"rendered":"https:\/\/www.europesays.com\/ee\/236169\/"},"modified":"2026-07-25T03:43:09","modified_gmt":"2026-07-25T03:43:09","slug":"kuulsa-juudipere-lugu-heidab-valgust-voru-ajaloole","status":"publish","type":"post","link":"https:\/\/www.europesays.com\/ee\/236169\/","title":{"rendered":"Kuulsa juudipere lugu heidab valgust V\u00f5ru ajaloole"},"content":{"rendered":"<p>V\u00f5rumaa muuseumi galeriis avatakse 7. augustil n\u00e4itus \u00abSajanditagune V\u00f5ru l\u00e4bi Judeikinite pere loo\u00bb.\u00a0T\u00e4nap\u00e4eval elab V\u00f5rus ametlikel andmetel neli juuti. On aga olnud aegu, mil siin elas \u00fcle kahesaja, isegi \u00fcle kolmesaja selle rahvusv\u00e4hemuse esindaja, moodustades ligi \u00fcheksa protsenti linna elanikkonnast.<\/p>\n<p>Kohalikele juutidele kuulusid V\u00f5rus mitmed majad, \u00e4rid, poed ja t\u00f6\u00f6stusettev\u00f5tted. Tuntumate seas v\u00f5ib nimetada n\u00e4iteks Meier Goldbergi nahat\u00f6\u00f6stust, Govsei \u0160eri riide\u00e4ri ja Ludvig Kaani talurahvakauplust.<\/p>\n","protected":false},"excerpt":{"rendered":"V\u00f5rumaa muuseumi galeriis avatakse 7. augustil n\u00e4itus \u00abSajanditagune V\u00f5ru l\u00e4bi Judeikinite pere loo\u00bb.\u00a0T\u00e4nap\u00e4eval elab V\u00f5rus ametlikel andmetel neli&hellip;\n","protected":false},"author":2,"featured_media":236170,"comment_status":"","ping_status":"","sticky":false,"template":"","format":"standard","meta":{"footnotes":"","_share_on_mastodon":"0"},"categories":[12],"tags":[94082,26,27,37,33,35,34,36,31,32,21,94083,8119,28,29,19,25,23,24,22,20,30,21504],"class_list":["post-236169","post","type-post","status-publish","format-standard","has-post-thumbnail","category-eesti","tag-sajanditagune-voru-labi-judeikinite-pere-loo","tag-breaking-news","tag-breakingnews","tag-ee","tag-eesti","tag-eesti-keel","tag-estonia","tag-estonian","tag-featured-news","tag-featurednews","tag-headlines","tag-judeikinid","tag-juudid","tag-latest-news","tag-latestnews","tag-news","tag-populaarseimad-lood","tag-top-stories","tag-topstories","tag-uldised-uudised","tag-uudised","tag-viimased-uudised","tag-vorumaa-muuseum"],"share_on_mastodon":{"url":"https:\/\/pubeurope.com\/@ee\/116978555673397728","error":""},"_links":{"self":[{"href":"https:\/\/www.europesays.com\/ee\/wp-json\/wp\/v2\/posts\/236169","targetHints":{"allow":["GET"]}}],"collection":[{"href":"https:\/\/www.europesays.com\/ee\/wp-json\/wp\/v2\/posts"}],"about":[{"href":"https:\/\/www.europesays.com\/ee\/wp-json\/wp\/v2\/types\/post"}],"author":[{"embeddable":true,"href":"https:\/\/www.europesays.com\/ee\/wp-json\/wp\/v2\/users\/2"}],"replies":[{"embeddable":true,"href":"https:\/\/www.europesays.com\/ee\/wp-json\/wp\/v2\/comments?post=236169"}],"version-history":[{"count":0,"href":"https:\/\/www.europesays.com\/ee\/wp-json\/wp\/v2\/posts\/236169\/revisions"}],"wp:featuredmedia":[{"embeddable":true,"href":"https:\/\/www.europesays.com\/ee\/wp-json\/wp\/v2\/media\/236170"}],"wp:attachment":[{"href":"https:\/\/www.europesays.com\/ee\/wp-json\/wp\/v2\/media?parent=236169"}],"wp:term":[{"taxonomy":"category","embeddable":true,"href":"https:\/\/www.europesays.com\/ee\/wp-json\/wp\/v2\/categories?post=236169"},{"taxonomy":"post_tag","embeddable":true,"href":"https:\/\/www.europesays.com\/ee\/wp-json\/wp\/v2\/tags?post=236169"}],"curies":[{"name":"wp","href":"https:\/\/api.w.org\/{rel}","templated":true}]}}