{"id":236202,"date":"2026-07-25T05:09:13","date_gmt":"2026-07-25T05:09:13","guid":{"rendered":"https:\/\/www.europesays.com\/ee\/236202\/"},"modified":"2026-07-25T05:09:13","modified_gmt":"2026-07-25T05:09:13","slug":"raudteejaamas-saab-dresiinidega-soita-laane-elu","status":"publish","type":"post","link":"https:\/\/www.europesays.com\/ee\/236202\/","title":{"rendered":"Raudteejaamas saab dresiinidega s\u00f5ita &#8211; L\u00e4\u00e4ne Elu"},"content":{"rendered":"<p>            <a href=\"https:\/\/www.europesays.com\/ee\/wp-content\/uploads\/2026\/07\/dresiin-raudteemuuseum_andra-23.jpg\" data-caption=\"\"><img loading=\"lazy\" width=\"696\" height=\"464\" class=\"entry-thumb td-modal-image lazyload\" alt=\"\" title=\"dresiin raudteemuuseum_andra (23)\" src=\"https:\/\/www.europesays.com\/ee\/wp-content\/uploads\/2026\/07\/dresiin-raudteemuuseum_andra-23-696x464.jpg\" decoding=\"async\"  data- data-eio-rwidth=\"696\" data-eio-rheight=\"464\"\/><\/a><\/p>\n<p>\n        Kuula artiklit, 2 minutit ja 23 sekundit\n    <\/p>\n<p><img loading=\"lazy\" class=\"wp-image-480664 size-full lazyload\" alt=\"\" width=\"1920\" height=\"1280\" src=\"https:\/\/www.europesays.com\/ee\/wp-content\/uploads\/2026\/07\/dresiin-raudteemuuseum_andra-23.jpg\" decoding=\"async\" data-eio-rwidth=\"1920\" data-eio-rheight=\"1280\"\/>Raudtee- ja sidemuuseumi juht Talis Vare dresiinil. Foto: Andra Kirna<\/p>\n<p>\t\tHaapsalu raudteejaamas on t\u00e4nasest v\u00f5imalus s\u00f5ita mootor-, jalgratas- ja k\u00e4sidresiiniga. N\u00f5ukogudeaegne mootordresiin AGMu p\u00e4rineb Haapsalu raudtee- ja sidemuuseumi juhi Talis Vare s\u00f5nul 1956. aastast ning mahutab korraga 16 s\u00f5itjat. Lisaks on v\u00f5imalus katsetada ka veriv\u00e4rsket k\u00e4sidresiini, mis on valmistatud T\u00fcril. \u201eJalgratasdresiini saime kingituseks \u00fchelt Rootsi raudteemuuseumilt ja ehitasime siin laiar\u00f6\u00f6pmelisele raudteele \u00fcmber,\u201d r\u00e4\u00e4kis Vare.<\/p>\n<p>Uued atraktsioonid on osa suuremast Eesti-L\u00e4ti finantseeritud projektist Green Railways. \u201eSelle m\u00f5te ongi luua uusi atraktsioone, et pakkuda huvi nii vanemaealistele, lastele kui ka invaliididele. Viimaste p\u00e4rast said mootordresiinile tehtud ka\n\t<\/p>\n<p>Artikli lugemiseks tellige p\u00e4evapilet, digipakett v\u00f5i <a href=\"https:\/\/online.le.ee\/tellimine\/\" rel=\"nofollow noopener\" target=\"_blank\">logige<\/a> sisse!<br \/>\n<a href=\"https:\/\/online.le.ee\/tellimine\" rel=\"attachment wp-att-387649 nofollow noopener\" target=\"_blank\"><img loading=\"lazy\" class=\"aligncenter size-full wp-image-387649 lazyload\" alt=\"\" width=\"688\" height=\"101\" src=\"https:\/\/www.europesays.com\/ee\/wp-content\/uploads\/2026\/07\/1784956040_244_tasuline.png\" decoding=\"async\" data-eio-rwidth=\"700\" data-eio-rheight=\"100\"\/><\/a><\/p>\n<p>Artikkel j\u00e4tkub peale reklaami<\/p>\n<p>Reklaam<\/p>\n<p>                        Eelmine artikkel<a href=\"https:\/\/online.le.ee\/2026\/07\/25\/245-hektarit-maad-on-endiselt-ripakil\/\" rel=\"nofollow noopener\" target=\"_blank\">245 hektarit maad on endiselt ripakil<\/a>J\u00e4rgmine artikkel<a href=\"https:\/\/online.le.ee\/2026\/07\/25\/marienholmi-tipp-on-autodele-suletud\/\" rel=\"nofollow noopener\" target=\"_blank\">Marienholmi tipp on autodele suletud<\/a>                                <\/p>\n","protected":false},"excerpt":{"rendered":"Kuula artiklit, 2 minutit ja 23 sekundit Raudtee- ja sidemuuseumi juht Talis Vare dresiinil. Foto: Andra Kirna Haapsalu&hellip;\n","protected":false},"author":2,"featured_media":236203,"comment_status":"","ping_status":"","sticky":false,"template":"","format":"standard","meta":{"footnotes":"","_share_on_mastodon":"0"},"categories":[14],"tags":[131,130,94105,37,33,35,34,36,1313,94106,94107],"class_list":["post-236202","post","type-post","status-publish","format-standard","has-post-thumbnail","category-ari","tag-ari","tag-business","tag-dresiin","tag-ee","tag-eesti","tag-eesti-keel","tag-estonia","tag-estonian","tag-raudtee","tag-raudtee-ja-sidemuuseum","tag-talis-vare"],"share_on_mastodon":{"url":"https:\/\/pubeurope.com\/@ee\/116978893856727484","error":""},"_links":{"self":[{"href":"https:\/\/www.europesays.com\/ee\/wp-json\/wp\/v2\/posts\/236202","targetHints":{"allow":["GET"]}}],"collection":[{"href":"https:\/\/www.europesays.com\/ee\/wp-json\/wp\/v2\/posts"}],"about":[{"href":"https:\/\/www.europesays.com\/ee\/wp-json\/wp\/v2\/types\/post"}],"author":[{"embeddable":true,"href":"https:\/\/www.europesays.com\/ee\/wp-json\/wp\/v2\/users\/2"}],"replies":[{"embeddable":true,"href":"https:\/\/www.europesays.com\/ee\/wp-json\/wp\/v2\/comments?post=236202"}],"version-history":[{"count":0,"href":"https:\/\/www.europesays.com\/ee\/wp-json\/wp\/v2\/posts\/236202\/revisions"}],"wp:featuredmedia":[{"embeddable":true,"href":"https:\/\/www.europesays.com\/ee\/wp-json\/wp\/v2\/media\/236203"}],"wp:attachment":[{"href":"https:\/\/www.europesays.com\/ee\/wp-json\/wp\/v2\/media?parent=236202"}],"wp:term":[{"taxonomy":"category","embeddable":true,"href":"https:\/\/www.europesays.com\/ee\/wp-json\/wp\/v2\/categories?post=236202"},{"taxonomy":"post_tag","embeddable":true,"href":"https:\/\/www.europesays.com\/ee\/wp-json\/wp\/v2\/tags?post=236202"}],"curies":[{"name":"wp","href":"https:\/\/api.w.org\/{rel}","templated":true}]}}