{"id":236244,"date":"2026-07-25T06:41:22","date_gmt":"2026-07-25T06:41:22","guid":{"rendered":"https:\/\/www.europesays.com\/ee\/236244\/"},"modified":"2026-07-25T06:41:22","modified_gmt":"2026-07-25T06:41:22","slug":"eesti-hoiatab-venemaa-musta-mere-tegevuse-globaalse-toidujulgeoleku-ohu-eest","status":"publish","type":"post","link":"https:\/\/www.europesays.com\/ee\/236244\/","title":{"rendered":"Eesti hoiatab Venemaa Musta mere tegevuse globaalse toidujulgeoleku ohu eest"},"content":{"rendered":"<p class=\"text-muted-foreground text-[15px] leading-relaxed\">Eesti v\u00e4lisminister Margus Tsahkna m\u00f5istis teravalt hukka Moskva r\u00fcnnakud tsiviillaevadele ja sadamataristule, mis rikuvad rahvusvahelist \u00f5igust ning \u00e4hvardavad Musta mere kaubateid.<\/p>\n<p><a class=\"border-border\/60 hover:border-foreground\/30 focus-visible:ring-foreground\/30 mt-3 flex items-center justify-between gap-3 border px-3 py-2 font-mono text-[10px] font-medium uppercase tracking-wide transition-colors duration-150 focus-visible:outline-none focus-visible:ring-2\" data-sentry-element=\"Link\" data-sentry-component=\"StoryCirculationTeaser\" data-sentry-source-file=\"StoryCirculation.tsx\" href=\"https:\/\/shortl.ee\/et\/estonia\/2026-07-24\" rel=\"nofollow noopener\" target=\"_blank\">EILE \u00b7 10 LUGU \u00b7 t\u00e4nane v\u00e4ljaanne t\u00e4ienebVaata \u00fcle<\/a><\/p>\n<ul class=\"space-y-3 text-[15px] leading-relaxed\">\n<li class=\"flex gap-3\">\u2014Eesti v\u00e4lisminister Margus Tsahkna m\u00f5istis hukka Venemaa tegevuse Mustal merel, \u00f6eldes, et Moskva otsus hoida mereteid pantvangis ohustab piirkondlikku toidujulgeolekut ja globaalset majandust.<\/li>\n<li class=\"flex gap-3\">\u2014Tsahkna r\u00f5hutas, et Venemaa r\u00fcnnakud tsiviillaevadele ja sadamataristule Mustal merel, koos Ukraina linnade j\u00e4tkuva pommitamisega, kujutavad endast rahvusvahelise ja mere\u00f5iguse j\u00e4medaid rikkumisi.<\/li>\n<li class=\"flex gap-3\">\u2014Eesti, olles P\u00f5hjamaade-Balti Kaheksa (NB8) eesistuja, kinnitas oma kindlat toetust Ukrainale ja valmistub jaanuaris Tallinnas toimuvale Ukraina \u00fclesehituskonverentsile.<\/li>\n<li class=\"flex gap-3\">\u201486-aastase Wellesi deklaratsiooni p\u00f5him\u00f5tteid, mis s\u00e4testasid, et Ameerika \u00dchendriigid ei tunnusta N\u00f5ukogude okupatsiooni Balti riikides, peeti endiselt asjakohaseks praeguste geopoliitiliste v\u00e4ljakutsete, sealhulgas Venemaa katsete piire j\u00f5uga muuta, kontekstis.<\/li>\n<li class=\"flex gap-3\">\u2014Tsahkna ja tema Ukraina kolleegi vahelised arutelud keskendusid Venemaale avaldatava surve suurendamisele ja Ukraina j\u00e4tkuvale toetamisele s\u00f5jaliste ja majanduslike vahenditega.<\/li>\n<\/ul>\n","protected":false},"excerpt":{"rendered":"Eesti v\u00e4lisminister Margus Tsahkna m\u00f5istis teravalt hukka Moskva r\u00fcnnakud tsiviillaevadele ja sadamataristule, mis rikuvad rahvusvahelist \u00f5igust ning \u00e4hvardavad&hellip;\n","protected":false},"author":2,"featured_media":236245,"comment_status":"","ping_status":"","sticky":false,"template":"","format":"standard","meta":{"footnotes":"","_share_on_mastodon":"0"},"categories":[80],"tags":[26,27,13105,37,33,35,34,36,31,32,21,28,29,95,13454,31644,19,25,1039,1049,36257,23,24,262,22,20,96,30,23403,92,93,94],"class_list":["post-236244","post","type-post","status-publish","format-standard","has-post-thumbnail","category-maailm","tag-breaking-news","tag-breakingnews","tag-diplomaatia","tag-ee","tag-eesti","tag-eesti-keel","tag-estonia","tag-estonian","tag-featured-news","tag-featurednews","tag-headlines","tag-latest-news","tag-latestnews","tag-maailm","tag-must-meri","tag-nb8","tag-news","tag-populaarseimad-lood","tag-rahvusvaheline-oigus","tag-soda","tag-toidujulgeolek","tag-top-stories","tag-topstories","tag-ukraina","tag-uldised-uudised","tag-uudised","tag-venemaa","tag-viimased-uudised","tag-wellesi-deklaratsioon","tag-world","tag-world-news","tag-worldnews"],"share_on_mastodon":{"url":"https:\/\/pubeurope.com\/@ee\/116979255443084327","error":""},"_links":{"self":[{"href":"https:\/\/www.europesays.com\/ee\/wp-json\/wp\/v2\/posts\/236244","targetHints":{"allow":["GET"]}}],"collection":[{"href":"https:\/\/www.europesays.com\/ee\/wp-json\/wp\/v2\/posts"}],"about":[{"href":"https:\/\/www.europesays.com\/ee\/wp-json\/wp\/v2\/types\/post"}],"author":[{"embeddable":true,"href":"https:\/\/www.europesays.com\/ee\/wp-json\/wp\/v2\/users\/2"}],"replies":[{"embeddable":true,"href":"https:\/\/www.europesays.com\/ee\/wp-json\/wp\/v2\/comments?post=236244"}],"version-history":[{"count":0,"href":"https:\/\/www.europesays.com\/ee\/wp-json\/wp\/v2\/posts\/236244\/revisions"}],"wp:featuredmedia":[{"embeddable":true,"href":"https:\/\/www.europesays.com\/ee\/wp-json\/wp\/v2\/media\/236245"}],"wp:attachment":[{"href":"https:\/\/www.europesays.com\/ee\/wp-json\/wp\/v2\/media?parent=236244"}],"wp:term":[{"taxonomy":"category","embeddable":true,"href":"https:\/\/www.europesays.com\/ee\/wp-json\/wp\/v2\/categories?post=236244"},{"taxonomy":"post_tag","embeddable":true,"href":"https:\/\/www.europesays.com\/ee\/wp-json\/wp\/v2\/tags?post=236244"}],"curies":[{"name":"wp","href":"https:\/\/api.w.org\/{rel}","templated":true}]}}