{"id":236282,"date":"2026-07-25T07:34:20","date_gmt":"2026-07-25T07:34:20","guid":{"rendered":"https:\/\/www.europesays.com\/ee\/236282\/"},"modified":"2026-07-25T07:34:20","modified_gmt":"2026-07-25T07:34:20","slug":"lebron-james-leidis-kaheks-aastaks-omale-uue-meeskonna-postimees-sport","status":"publish","type":"post","link":"https:\/\/www.europesays.com\/ee\/236282\/","title":{"rendered":"LeBron James leidis kaheks aastaks omale uue meeskonna &#8211; Postimees Sport"},"content":{"rendered":"<ol>\n<li><a href=\"https:\/\/news.google.com\/rss\/articles\/CBMikwFBVV95cUxNYWZQTmlDOVdJU1ZuZTFOZUlSX3pWYkZHNi1jalpXc1JVRm41WUtPc21hVERpdW9TN0Q5cXVuOVVQOWJnelo5S1ZhTEZjRjBuRUdyRHZqeFJxNDdvcmRNSFk4N1Nld092MEgyR3VMRDJjbTVJLWJpcm5EbC1ZTTR4ZWM2b2QtZnFZOEZJS3FxdEhHUFE?oc=5\" target=\"_blank\" rel=\"nofollow noopener\">LeBron James leidis kaheks aastaks omale uue meeskonna<\/a>&nbsp;&nbsp;Postimees Sport<\/li>\n<li><a href=\"https:\/\/news.google.com\/rss\/articles\/CBMiuwFBVV95cUxOQmItZldXLWNkNm1NeGZGbnNhejE1ZVRQeWdxWEJRUUZnSnVuVXY5MWgtUFBBVHNLcEFpRXV0eDRaRk5MMGM3ZmpGT21jUFcwaFE0clhLTlJPcm96UzEtS1hyZU5aR0xRQkJWSTN3S0ZqclRYalBIMUFySklKZmVRaTVWZ3RmMjl1ZWlKTzJySVZhUHByZ2VWYkZ4X3MzSWNfa2VMaHRaZWlqWlk5NnlhX3NOSmxXTWFFYk1r?oc=5\" target=\"_blank\" rel=\"nofollow noopener\">OTSUSTATUD: 41aastane LeBron James liitub klubiga, mille s\u00e4rki ta pole varem kandnud<\/a>&nbsp;&nbsp;digileht.ohtuleht.ee<\/li>\n<li><a href=\"https:\/\/news.google.com\/rss\/articles\/CBMiP0FVX3lxTE4wdVNPT2RYTmV5RGs3VWpmYk14MmNORlB0Yk1pT1pIMkh4and2QXg2UDlVNzI1ZDVsRnE1TE9sRQ?oc=5\" target=\"_blank\" rel=\"nofollow noopener\">REPLIIK | Majandusekspert Ron Luvi\u0161t\u0161uk: 2,7-eurose k\u00fctusehinna kehtestaks pigem Toompea kui Teheran<\/a>&nbsp;&nbsp;Uudis.net<\/li>\n<li><a href=\"https:\/\/news.google.com\/rss\/articles\/CBMimgFBVV95cUxNdHVGRm1lZVJwY282UEJSZTI0eFQ0MXR4a0Jsb20yN0RfNkxxYXcwUWRLdnZzT19QN0d2dlV3TEM1VHhzMWtpeXpWS2tBdGtMdV9Wc0ZSaGYtQlhjUkcwNXNfUU91by01T01ldk9aV0tfZGI2NDVJajM0aGlocDhZc2RULXh1QnJUay1SQ0Nibnhsa1cyQXpGd1NB?oc=5\" target=\"_blank\" rel=\"nofollow noopener\">Miami Heat kustutas LeBroni tutvustava pressikonverentsi lingi<\/a>&nbsp;&nbsp;sport | ERR<\/li>\n<li><a href=\"https:\/\/news.google.com\/rss\/articles\/CBMixAFBVV95cUxNWHVmZzdWcWFaNGNwUTNQTmFZREJ4ZnB4eXFJM0VLbDVhVGlWQkJFVVI0WjNsMHV6S09GaXFzdHJWbnVpSUYtdUNROHQwSzVBMS1TR1NKSVdGVWp5RHdCVGdrMG5IdEx6djg0eXJocEhZNlIxZW8zdjdsMTY2eXU0UDM4ZklwaGhXSzdzdG5WZy1ENlJiVE9YdXFVVEZvS2dETjFsclhxZE5vbWhxUGxuZ2F0R1pKUk9pM1p5MUQ1YVdWRGh6?oc=5\" target=\"_blank\" rel=\"nofollow noopener\">VIDEO \u27e9 Trump uude meeskonda siirdunud LeBronist: V\u00f5ib-olla on ta rassist<\/a>&nbsp;&nbsp;Inbox.eu<\/li>\n<\/ol>\n","protected":false},"excerpt":{"rendered":"LeBron James leidis kaheks aastaks omale uue meeskonna&nbsp;&nbsp;Postimees Sport OTSUSTATUD: 41aastane LeBron James liitub klubiga, mille s\u00e4rki ta&hellip;\n","protected":false},"author":2,"featured_media":236283,"comment_status":"","ping_status":"","sticky":false,"template":"","format":"standard","meta":{"footnotes":"","_share_on_mastodon":"0"},"categories":[18],"tags":[17514,37,33,35,34,36,7833,7834,8934,4391,17516,12738,159,158],"class_list":["post-236282","post","type-post","status-publish","format-standard","has-post-thumbnail","category-sport","tag-cleveland-cavaliers","tag-ee","tag-eesti","tag-eesti-keel","tag-estonia","tag-estonian","tag-lebron-james","tag-los-angeles-lakers","tag-miami-heat","tag-nba","tag-new-york-knicks","tag-philadelphia-76ers","tag-sport","tag-sports"],"share_on_mastodon":{"url":"https:\/\/pubeurope.com\/@ee\/116979463971777166","error":""},"_links":{"self":[{"href":"https:\/\/www.europesays.com\/ee\/wp-json\/wp\/v2\/posts\/236282","targetHints":{"allow":["GET"]}}],"collection":[{"href":"https:\/\/www.europesays.com\/ee\/wp-json\/wp\/v2\/posts"}],"about":[{"href":"https:\/\/www.europesays.com\/ee\/wp-json\/wp\/v2\/types\/post"}],"author":[{"embeddable":true,"href":"https:\/\/www.europesays.com\/ee\/wp-json\/wp\/v2\/users\/2"}],"replies":[{"embeddable":true,"href":"https:\/\/www.europesays.com\/ee\/wp-json\/wp\/v2\/comments?post=236282"}],"version-history":[{"count":0,"href":"https:\/\/www.europesays.com\/ee\/wp-json\/wp\/v2\/posts\/236282\/revisions"}],"wp:featuredmedia":[{"embeddable":true,"href":"https:\/\/www.europesays.com\/ee\/wp-json\/wp\/v2\/media\/236283"}],"wp:attachment":[{"href":"https:\/\/www.europesays.com\/ee\/wp-json\/wp\/v2\/media?parent=236282"}],"wp:term":[{"taxonomy":"category","embeddable":true,"href":"https:\/\/www.europesays.com\/ee\/wp-json\/wp\/v2\/categories?post=236282"},{"taxonomy":"post_tag","embeddable":true,"href":"https:\/\/www.europesays.com\/ee\/wp-json\/wp\/v2\/tags?post=236282"}],"curies":[{"name":"wp","href":"https:\/\/api.w.org\/{rel}","templated":true}]}}