{"id":236393,"date":"2026-07-25T10:01:08","date_gmt":"2026-07-25T10:01:08","guid":{"rendered":"https:\/\/www.europesays.com\/ee\/236393\/"},"modified":"2026-07-25T10:01:08","modified_gmt":"2026-07-25T10:01:08","slug":"belgia-vahistas-nato-staabis-tegutsenud-spiooni-valismaa","status":"publish","type":"post","link":"https:\/\/www.europesays.com\/ee\/236393\/","title":{"rendered":"Belgia vahistas NATO staabis tegutsenud spiooni | V\u00e4lismaa"},"content":{"rendered":"<p>Belgia v\u00f5imud vahistasid reedel NATO Euroopa liitlasv\u00e4gede peakorteris (SHAPE) praktikandi, keda kahtlustatakse spioneerimises, teatas laup\u00e4eval Belgia ringh\u00e4\u00e4ling RTBF.<\/p>\n<p>Belgia f\u00f6deraalprokuratuur teatas laup\u00e4eval, et Hiina p\u00e4ritolu Kanada kodanikust naist kahtlustatakse spionaa\u017eis kolmanda riigi heaks ja osalemises kuritegelikus \u00fchenduses.<\/p>\n<p>Prokuratuuri teatel teavitas Monsi l\u00e4hedal asuva SHAPE&#8217;i julgeolekuteenistus kahtlusalusest Belgia luure- ja julgeolekuteenistuse peadirektoraati (SGRS), mis omakorda teavitas viivitamatult f\u00f6deraalprokuratuuri.<\/p>\n<p>Juhtumi uurimine m\u00e4\u00e4rati Charleroi&#8217; f\u00f6deraalpolitseile.\u00a0<\/p>\n<p>Belgia politsei korraldas neljap\u00e4eval l\u00e4biotsimise kahtlusaluse kodus ja t\u00f6\u00f6kohal SHAPE-is. J\u00e4rgmisel p\u00e4eval andis uuriv kohtunik m\u00e4\u00e4ruse kahtlusaluse vahistamiseks.<\/p>\n<p>Prokuratuur m\u00e4rkis, et uurimise huvides ei avaldata praegu rohkem teavet.<\/p>\n","protected":false},"excerpt":{"rendered":"Belgia v\u00f5imud vahistasid reedel NATO Euroopa liitlasv\u00e4gede peakorteris (SHAPE) praktikandi, keda kahtlustatakse spioneerimises, teatas laup\u00e4eval Belgia ringh\u00e4\u00e4ling RTBF.&hellip;\n","protected":false},"author":2,"featured_media":236394,"comment_status":"","ping_status":"","sticky":false,"template":"","format":"standard","meta":{"footnotes":"","_share_on_mastodon":"0"},"categories":[80],"tags":[5410,26,27,37,33,35,34,36,31,32,21,28,29,95,54,19,25,94169,27538,23,24,22,20,30,92,93,94],"class_list":["post-236393","post","type-post","status-publish","format-standard","has-post-thumbnail","category-maailm","tag-belgia","tag-breaking-news","tag-breakingnews","tag-ee","tag-eesti","tag-eesti-keel","tag-estonia","tag-estonian","tag-featured-news","tag-featurednews","tag-headlines","tag-latest-news","tag-latestnews","tag-maailm","tag-nato","tag-news","tag-populaarseimad-lood","tag-shape","tag-spioon","tag-top-stories","tag-topstories","tag-uldised-uudised","tag-uudised","tag-viimased-uudised","tag-world","tag-world-news","tag-worldnews"],"share_on_mastodon":{"url":"https:\/\/pubeurope.com\/@ee\/116980041922800042","error":""},"_links":{"self":[{"href":"https:\/\/www.europesays.com\/ee\/wp-json\/wp\/v2\/posts\/236393","targetHints":{"allow":["GET"]}}],"collection":[{"href":"https:\/\/www.europesays.com\/ee\/wp-json\/wp\/v2\/posts"}],"about":[{"href":"https:\/\/www.europesays.com\/ee\/wp-json\/wp\/v2\/types\/post"}],"author":[{"embeddable":true,"href":"https:\/\/www.europesays.com\/ee\/wp-json\/wp\/v2\/users\/2"}],"replies":[{"embeddable":true,"href":"https:\/\/www.europesays.com\/ee\/wp-json\/wp\/v2\/comments?post=236393"}],"version-history":[{"count":0,"href":"https:\/\/www.europesays.com\/ee\/wp-json\/wp\/v2\/posts\/236393\/revisions"}],"wp:featuredmedia":[{"embeddable":true,"href":"https:\/\/www.europesays.com\/ee\/wp-json\/wp\/v2\/media\/236394"}],"wp:attachment":[{"href":"https:\/\/www.europesays.com\/ee\/wp-json\/wp\/v2\/media?parent=236393"}],"wp:term":[{"taxonomy":"category","embeddable":true,"href":"https:\/\/www.europesays.com\/ee\/wp-json\/wp\/v2\/categories?post=236393"},{"taxonomy":"post_tag","embeddable":true,"href":"https:\/\/www.europesays.com\/ee\/wp-json\/wp\/v2\/tags?post=236393"}],"curies":[{"name":"wp","href":"https:\/\/api.w.org\/{rel}","templated":true}]}}