{"id":236452,"date":"2026-07-25T11:42:09","date_gmt":"2026-07-25T11:42:09","guid":{"rendered":"https:\/\/www.europesays.com\/ee\/236452\/"},"modified":"2026-07-25T11:42:09","modified_gmt":"2026-07-25T11:42:09","slug":"india-haridusminister-astus-uleriigiliste-protestide-jarel-tagasi-valismaa","status":"publish","type":"post","link":"https:\/\/www.europesays.com\/ee\/236452\/","title":{"rendered":"India haridusminister astus \u00fcleriigiliste protestide j\u00e4rel tagasi | V\u00e4lismaa"},"content":{"rendered":"<p>India haridusminister Dharmendra Pradhan astus laup\u00e4eval tagasi p\u00e4rast noorte laiaulatuslike proteste, millel n\u00f5uti tema tagandamist riiklikel eksamitel toimunud rikkumiste p\u00e4rast.<\/p>\n<p>&#8220;Olen saatnud oma tagasiastumisavalduse peaministrile,&#8221; teatas Pradhan sotsiaalmeediaplatvormile X postitatud avalduses.<\/p>\n<p>Eksamit\u00f6\u00f6de lekkimise t\u00f5ttu puhkenud \u00fcli\u00f5pilaste meeleavalduste eestvedajaks kujunes sotsiaalmeediast alguse saanud Prussakate Rahvapartei (CJP), mis taotleb n\u00fc\u00fcd s\u00fcsteemseid reforme hariduss\u00fcsteemis.<\/p>\n<p>Meeleavaldused New Delhi kesklinnas asuvas Jantar Mantari protestipaigas muutusid n\u00e4dala jooksul intensiivsemaks ja hakkasid levima ka teistesse riigi osadesse.<\/p>\n<p>Politsei kasutas meeleavaldajate vastu pisargaasi ja r\u00fcndas neid kumminuiadega, kui nad \u00fcritasid sel n\u00e4dalal parlamendihoone juurde marssida.<\/p>\n<p>Valitsus pidas esmasp\u00e4eval ja reedel CJP juhtidega kaks l\u00e4bir\u00e4\u00e4kimiste vooru, kuid erilist edu ei saavutatud, kuna noorte juhitud liikumine j\u00e4i enne laup\u00e4evaks kavandatud j\u00e4rgmist kohtumist oma n\u00f5udmistele kindlaks.<\/p>\n<p>Pradhan teatas oma tagasiastumisest enne kolmandat l\u00e4bir\u00e4\u00e4kimiste vooru.<\/p>\n<p>&#8220;Mul on valus n\u00e4ha viimase k\u00fcmne p\u00e4eva s\u00fcndmusi. See ei ole minu jaoks isikliku prestii\u017ei k\u00fcsimus,&#8221; \u00fctles ta oma hindikeelses kirjas. &#8220;India noorte j\u00f5ud on selle rahva t\u00f5eline tugevus. Olen kindlalt otsustanud, et me ei lase riigi noortel sattuda segaduse n\u00f5iaringi.&#8221;<\/p>\n<p>Meeleavaldajad tervitasid Pradhani teadet. &#8220;Me saime sellega hakkama,&#8221; \u00fctles CJP asutaja Abhijeet Dipke sadade meeleavaldajate marulise heakskiidu saatel.<\/p>\n<p>Liikumine on arenenud \u00fcha professionaalsemaks ning h\u00f5lmab n\u00fc\u00fcd ka muret t\u00f6\u00f6tuse, noorte v\u00f5imaluste ja selle \u00fcle, mida kriitikud nimetavad peaminister Narendra Modi \u00fcha autoritaarsemaks valitsemisstiiliks.<\/p>\n<p>Protestidest sai \u00fcks suurimaid v\u00e4ljakutseid hindu rahvuslasest Modi administratsioonile alates tema tagasivalimisest 2024. aastal.<\/p>\n<p>CJP k\u00f5neisiku Ashutosh Ranka s\u00f5nul kuulub meeleavaldajate muude n\u00f5udmiste hulka h\u00fcvitis neile, keda eksamite rikkumised m\u00f5jutasid ning meeleavaldajate vastu algatatud kohtuasjade l\u00f5petamine.<\/p>\n","protected":false},"excerpt":{"rendered":"India haridusminister Dharmendra Pradhan astus laup\u00e4eval tagasi p\u00e4rast noorte laiaulatuslike proteste, millel n\u00f5uti tema tagandamist riiklikel eksamitel toimunud&hellip;\n","protected":false},"author":2,"featured_media":236453,"comment_status":"","ping_status":"","sticky":false,"template":"","format":"standard","meta":{"footnotes":"","_share_on_mastodon":"0"},"categories":[5],"tags":[26,27,93226,94193,37,33,35,34,36,31,32,21,94194,94192,28,29,19,25,93225,23,24,22,20,30],"class_list":["post-236452","post","type-post","status-publish","format-standard","has-post-thumbnail","category-uldised-uudised","tag-breaking-news","tag-breakingnews","tag-cjp","tag-dharmendra-pradhan","tag-ee","tag-eesti","tag-eesti-keel","tag-estonia","tag-estonian","tag-featured-news","tag-featurednews","tag-headlines","tag-india-haridus","tag-india-protest","tag-latest-news","tag-latestnews","tag-news","tag-populaarseimad-lood","tag-prussakate-rahvapartei","tag-top-stories","tag-topstories","tag-uldised-uudised","tag-uudised","tag-viimased-uudised"],"share_on_mastodon":{"url":"https:\/\/pubeurope.com\/@ee\/116980438950704374","error":""},"_links":{"self":[{"href":"https:\/\/www.europesays.com\/ee\/wp-json\/wp\/v2\/posts\/236452","targetHints":{"allow":["GET"]}}],"collection":[{"href":"https:\/\/www.europesays.com\/ee\/wp-json\/wp\/v2\/posts"}],"about":[{"href":"https:\/\/www.europesays.com\/ee\/wp-json\/wp\/v2\/types\/post"}],"author":[{"embeddable":true,"href":"https:\/\/www.europesays.com\/ee\/wp-json\/wp\/v2\/users\/2"}],"replies":[{"embeddable":true,"href":"https:\/\/www.europesays.com\/ee\/wp-json\/wp\/v2\/comments?post=236452"}],"version-history":[{"count":0,"href":"https:\/\/www.europesays.com\/ee\/wp-json\/wp\/v2\/posts\/236452\/revisions"}],"wp:featuredmedia":[{"embeddable":true,"href":"https:\/\/www.europesays.com\/ee\/wp-json\/wp\/v2\/media\/236453"}],"wp:attachment":[{"href":"https:\/\/www.europesays.com\/ee\/wp-json\/wp\/v2\/media?parent=236452"}],"wp:term":[{"taxonomy":"category","embeddable":true,"href":"https:\/\/www.europesays.com\/ee\/wp-json\/wp\/v2\/categories?post=236452"},{"taxonomy":"post_tag","embeddable":true,"href":"https:\/\/www.europesays.com\/ee\/wp-json\/wp\/v2\/tags?post=236452"}],"curies":[{"name":"wp","href":"https:\/\/api.w.org\/{rel}","templated":true}]}}