{"id":236464,"date":"2026-07-25T12:03:12","date_gmt":"2026-07-25T12:03:12","guid":{"rendered":"https:\/\/www.europesays.com\/ee\/236464\/"},"modified":"2026-07-25T12:03:12","modified_gmt":"2026-07-25T12:03:12","slug":"fotod-ettevotja-rain-vaana-vaisas-laima-vaikule-festivali-koos-lapseootel-kallimaga","status":"publish","type":"post","link":"https:\/\/www.europesays.com\/ee\/236464\/","title":{"rendered":"FOTOD | Ettev\u00f5tja Rain V\u00e4\u00e4na v\u00e4isas Laima Vaikule festivali koos lapseootel kallimaga"},"content":{"rendered":"<p>Ettev\u00f5tja Rain V\u00e4\u00e4na kuulus nende tuntud k\u00fclaliste hulka, kes v\u00e4isasid J\u016brmalas toimunud Laima Vaikule festivali avap\u00e4eva. V\u00e4\u00e4na saabus s\u00fcndmusele koos oma lapseootel kallimaga ning paar nautis \u00fcheskoos festivalimelu.<\/p>\n<p><img decoding=\"async\" src=\"https:\/\/www.europesays.com\/ee\/wp-content\/uploads\/2026\/07\/393d1f9a-cf36-4593-aa9c-4060a905da19.jpg\" loading=\"lazy\" alt=\"Rain V\u00e4\u00e4na koos kallimaga Laima Vaikule festivalil\"\/><img decoding=\"async\" src=\"https:\/\/www.europesays.com\/ee\/wp-content\/uploads\/2026\/07\/7c481616-17b7-4662-87b2-543dae176a37.jpg\" loading=\"lazy\" alt=\"ARMUNUD Paaril jagus silmi vaid teineteisele\"\/><\/p>\n<p>Kroonika kirjutas hiljuti, et Rain V\u00e4\u00e4na ja tema kaaslanna ootavad \u00fchist last. Ettev\u00f5tja kinnitas r\u00f5\u00f5mus\u00f5numit Delfi Rally Estonia avatseremoonial, kus v\u00f5ttis vastu Kroonika reporteri \u00f5nnitlused, kuid eelistas lapseootust l\u00e4hemalt mitte kommenteerida.<\/p>\n<p>V\u00e4\u00e4na eraelu p\u00e4lvis suuremat t\u00e4helepanu juba mullu suvel, kui ta ilmus avalikkuse ette uue kaaslannaga. Paar j\u00e4i toona silma Rally Estonia avapeol, kus nad hoidsid teineteise l\u00e4hedusse.<\/p>\n<p class=\"\">Enne praegust suhet oli V\u00e4\u00e4na aastaid koos lauljanna <a rel=\"noopener nofollow\" target=\"_blank\" href=\"https:\/\/www.delfi.ee\/teema\/64794462\/ithaka-maria\" data-rel-date-range=\"[]\">Ithaka Mariaga<\/a>. M\u00f6\u00f6dunud aastal kirjutas Kroonika, et nende teed on lahku l\u00e4inud. Nii V\u00e4\u00e4na kui ka Ithaka Maria j\u00e4id toona eraelu puudutavates k\u00fcsimustes napis\u00f5naliseks.<\/p>\n<p class=\"\">T\u00e4navune Laima Rendezvous J\u016brmala toimub 24.-26. juulini Dzintari kontserdisaalis.<\/p>\n<p>Kuidas see lugu Sind end tundma pani? Saada <a href=\"https:\/\/kroonika.delfi.ee\/artikkel\/120599571\/fotod-ettevotja-rain-vaana-vaisas-laima-vaikule-festivali-koos-lapseootel-kallimaga\/kommentaarid\" class=\"article-body-bottom__comment article-body-bottom__comment--write button button--primary button--size-auto\" rel=\"nofollow noopener\" target=\"_blank\"> Kommenteeri <\/a><a href=\"https:\/\/kroonika.delfi.ee\/artikkel\/120599571\/fotod-ettevotja-rain-vaana-vaisas-laima-vaikule-festivali-koos-lapseootel-kallimaga\/kommentaarid\" class=\"article-body-bottom__comment article-body-bottom__comment--read button button--size-auto\" rel=\"nofollow noopener\" target=\"_blank\"> Loe kommentaare (13)<\/a><\/p>\n","protected":false},"excerpt":{"rendered":"Ettev\u00f5tja Rain V\u00e4\u00e4na kuulus nende tuntud k\u00fclaliste hulka, kes v\u00e4isasid J\u016brmalas toimunud Laima Vaikule festivali avap\u00e4eva. V\u00e4\u00e4na saabus&hellip;\n","protected":false},"author":2,"featured_media":236465,"comment_status":"","ping_status":"","sticky":false,"template":"","format":"standard","meta":{"footnotes":"","_share_on_mastodon":"0"},"categories":[12],"tags":[26,27,37,33,35,34,36,31,32,21,10779,28,29,19,25,10782,23,24,22,20,30],"class_list":["post-236464","post","type-post","status-publish","format-standard","has-post-thumbnail","category-eesti","tag-breaking-news","tag-breakingnews","tag-ee","tag-eesti","tag-eesti-keel","tag-estonia","tag-estonian","tag-featured-news","tag-featurednews","tag-headlines","tag-ithaka-maria","tag-latest-news","tag-latestnews","tag-news","tag-populaarseimad-lood","tag-rain-vaana","tag-top-stories","tag-topstories","tag-uldised-uudised","tag-uudised","tag-viimased-uudised"],"share_on_mastodon":{"url":"https:\/\/pubeurope.com\/@ee\/116980521946824809","error":""},"_links":{"self":[{"href":"https:\/\/www.europesays.com\/ee\/wp-json\/wp\/v2\/posts\/236464","targetHints":{"allow":["GET"]}}],"collection":[{"href":"https:\/\/www.europesays.com\/ee\/wp-json\/wp\/v2\/posts"}],"about":[{"href":"https:\/\/www.europesays.com\/ee\/wp-json\/wp\/v2\/types\/post"}],"author":[{"embeddable":true,"href":"https:\/\/www.europesays.com\/ee\/wp-json\/wp\/v2\/users\/2"}],"replies":[{"embeddable":true,"href":"https:\/\/www.europesays.com\/ee\/wp-json\/wp\/v2\/comments?post=236464"}],"version-history":[{"count":0,"href":"https:\/\/www.europesays.com\/ee\/wp-json\/wp\/v2\/posts\/236464\/revisions"}],"wp:featuredmedia":[{"embeddable":true,"href":"https:\/\/www.europesays.com\/ee\/wp-json\/wp\/v2\/media\/236465"}],"wp:attachment":[{"href":"https:\/\/www.europesays.com\/ee\/wp-json\/wp\/v2\/media?parent=236464"}],"wp:term":[{"taxonomy":"category","embeddable":true,"href":"https:\/\/www.europesays.com\/ee\/wp-json\/wp\/v2\/categories?post=236464"},{"taxonomy":"post_tag","embeddable":true,"href":"https:\/\/www.europesays.com\/ee\/wp-json\/wp\/v2\/tags?post=236464"}],"curies":[{"name":"wp","href":"https:\/\/api.w.org\/{rel}","templated":true}]}}