{"id":236508,"date":"2026-07-25T13:17:21","date_gmt":"2026-07-25T13:17:21","guid":{"rendered":"https:\/\/www.europesays.com\/ee\/236508\/"},"modified":"2026-07-25T13:17:21","modified_gmt":"2026-07-25T13:17:21","slug":"balti-riikide-olumpiakomiteed-moistavad-rok-i-otsuse-uhiselt-hukka-2","status":"publish","type":"post","link":"https:\/\/www.europesays.com\/ee\/236508\/","title":{"rendered":"Balti riikide ol\u00fcmpiakomiteed m\u00f5istavad ROK-i otsuse \u00fchiselt hukka"},"content":{"rendered":"<p>Eesti, L\u00e4ti ja Leedu ol\u00fcmpiakomiteed koos Ukraina Rahvusliku Ol\u00fcmpiakomiteega seisavad reeglitel p\u00f5hineva ausa m\u00e4ngu ja ol\u00fcmpialiikumise v\u00e4\u00e4rtuste eest. Neli riiki teevad \u00fchist\u00f6\u00f6d sportlaste huvide kaitsmiseks, nende arengu toetamiseks ja vastastikuse austuse edendamiseks rahvusvahelises spordis. Sellest kirjutab BNS.<\/p>\n<p>\u201cEesti, L\u00e4ti ja Leedu ol\u00fcmpiakomiteed m\u00f5istavad \u00fchiselt hukka ROK-i otsuse lubada Venemaal ja Valgevenel rahvusvahelisele spordiareenile tagasi p\u00f6\u00f6rduda. Loodame, et rahvusvahelised alaliidud ja Euroopa Liit teevad k\u00f5ik v\u00f5imaliku, et venelased ei saaks l\u00e4hiajal v\u00f5istlustel osaleda, eriti oma lipu all ja oma s\u00fcmboolikat kasutades,\u201d s\u00f5nas Eesti Ol\u00fcmpiakomitee president Erich Teigam\u00e4gi p\u00e4rast kohtumist L\u00e4ti Ol\u00fcmpiakomitee presidendi Raimonds Lazdi\u0146\u0161i ja Leedu Ol\u00fcmpiakomitee presidendi Daina Gudzinevi\u010di\u016bt\u0117ga.<\/p>\n<p>Balti riikide ol\u00fcmpiakomiteede juhid kohtusid 23. juulil Riias, et arutada \u00fchist koost\u00f6\u00f6d ja selle tugevdamist ol\u00fcmpialiikumise raames. Muuhulgas arutasid osapooled Balti riikide ja Ukraina positsiooni ROK-i hiljutiste otsuste valguses.<\/p>\n<p>Ukraina Ol\u00fcmpiakomitee president Vad\u00f5m Hutsait ja Balti riikide ol\u00fcmpiakomiteede juhid olid \u00fchel meelel, et praeguses olukorras ei tohi vastutust veeretada kohalikele alaliitudele ega \u00fcksikutele sportlastele.<\/p>\n<p>Kui sportlased on sunnitud venelaste v\u00f5i valgevenelastega v\u00f5istlemisest loobuma, isoleerib see nad rahvusvahelisest spordikogukonnast, v\u00f5tab neilt vajaliku v\u00f5istluskogemuse ega kaitse pikemas perspektiivis \u00fchegi demokraatliku riigi huve.<\/p>\n<p>\u201cSelline otsus ei ole j\u00e4tkusuutlik. Kui sportlased on sunnitud v\u00f5istlemisest loobuma, anname agressoril lubada reegleid kehtestada ja kingime talle sellega veel \u00fche v\u00f5idu. Seet\u00f5ttu soovitame oma sportlastel v\u00f5istlemist ja v\u00f5itmist j\u00e4tkata. Eesti, L\u00e4ti ja Leedu ei luba endiselt Venemaa ja Valgevene esindajaid oma territooriumile ning samuti ei pea me \u00f5igeks, et meie sportlased s\u00f5idaksid v\u00f5istlustele Venemaale v\u00f5i Valgevenesse,\u201d \u00fctles Eesti Ol\u00fcmpiakomitee president Erich Teigam\u00e4gi.<\/p>\n<p>Ukrainast saab Los Angelese ol\u00fcmpiam\u00e4ngude Balti maja auk\u00fclaline.<\/p>\n<p>Lisaks arutati kohtumisel Balti maja kontseptsiooni, mis avatakse 2028. aasta ol\u00fcmpiam\u00e4ngude ajal Los Angeleses. Sellest saab kolme riigi \u00fchine esindus ja kohtumispaik ol\u00fcmpialinnas.<\/p>\n<p>Balti majas tutvustatakse Balti riike ning korraldatakse \u00fchiseid \u00fcritusi ja vastuv\u00f5tte sportlastele, koost\u00f6\u00f6partneritele ning k\u00fclalistele. Kolme riigi \u00fchisel kokkuleppel otsustati kutsuda Ukraina auk\u00fclaliseks, mis omakorda aitab tal r\u00e4\u00e4kida oma lugu rahvusvahelisel spordiareenile.<\/p>\n<p>Kohtumisel arutati ka Ukraina noortekoondise ettevalmistust s\u00fcgisel Dakaris toimuvateks noorte ol\u00fcmpiam\u00e4ngudeks. L\u00e4ti Ol\u00fcmpiakomitee president Raimonds Lazdi\u0146\u0161 andis Ukraina saatkonna esindajale \u00fcle malaariavastased ravimid, mis toimetatakse riiki. Ravimid olid Eesti, L\u00e4ti ja Leedu \u00fchine \u017eest, mida finantseeris ettev\u00f5te Baltic Restaurants Latvia.<\/p>\n","protected":false},"excerpt":{"rendered":"Eesti, L\u00e4ti ja Leedu ol\u00fcmpiakomiteed koos Ukraina Rahvusliku Ol\u00fcmpiakomiteega seisavad reeglitel p\u00f5hineva ausa m\u00e4ngu ja ol\u00fcmpialiikumise v\u00e4\u00e4rtuste eest.&hellip;\n","protected":false},"author":2,"featured_media":236509,"comment_status":"","ping_status":"","sticky":false,"template":"","format":"standard","meta":{"footnotes":"","_share_on_mastodon":"0"},"categories":[18],"tags":[70706,94212,37,33,35,34,36,94213,2377,159,158],"class_list":["post-236508","post","type-post","status-publish","format-standard","has-post-thumbnail","category-sport","tag-balti-maja","tag-dakaris","tag-ee","tag-eesti","tag-eesti-keel","tag-estonia","tag-estonian","tag-los-angelese","tag-rok","tag-sport","tag-sports"],"share_on_mastodon":{"url":"https:\/\/pubeurope.com\/@ee\/116980812694155808","error":""},"_links":{"self":[{"href":"https:\/\/www.europesays.com\/ee\/wp-json\/wp\/v2\/posts\/236508","targetHints":{"allow":["GET"]}}],"collection":[{"href":"https:\/\/www.europesays.com\/ee\/wp-json\/wp\/v2\/posts"}],"about":[{"href":"https:\/\/www.europesays.com\/ee\/wp-json\/wp\/v2\/types\/post"}],"author":[{"embeddable":true,"href":"https:\/\/www.europesays.com\/ee\/wp-json\/wp\/v2\/users\/2"}],"replies":[{"embeddable":true,"href":"https:\/\/www.europesays.com\/ee\/wp-json\/wp\/v2\/comments?post=236508"}],"version-history":[{"count":0,"href":"https:\/\/www.europesays.com\/ee\/wp-json\/wp\/v2\/posts\/236508\/revisions"}],"wp:featuredmedia":[{"embeddable":true,"href":"https:\/\/www.europesays.com\/ee\/wp-json\/wp\/v2\/media\/236509"}],"wp:attachment":[{"href":"https:\/\/www.europesays.com\/ee\/wp-json\/wp\/v2\/media?parent=236508"}],"wp:term":[{"taxonomy":"category","embeddable":true,"href":"https:\/\/www.europesays.com\/ee\/wp-json\/wp\/v2\/categories?post=236508"},{"taxonomy":"post_tag","embeddable":true,"href":"https:\/\/www.europesays.com\/ee\/wp-json\/wp\/v2\/tags?post=236508"}],"curies":[{"name":"wp","href":"https:\/\/api.w.org\/{rel}","templated":true}]}}