{"id":236549,"date":"2026-07-25T14:27:08","date_gmt":"2026-07-25T14:27:08","guid":{"rendered":"https:\/\/www.europesays.com\/ee\/236549\/"},"modified":"2026-07-25T14:27:08","modified_gmt":"2026-07-25T14:27:08","slug":"ekre-noustus-isamaa-ettepanekuga-alustada-parnus-labiraakimisi-parnu-postimees","status":"publish","type":"post","link":"https:\/\/www.europesays.com\/ee\/236549\/","title":{"rendered":"EKRE n\u00f5ustus Isamaa ettepanekuga alustada P\u00e4rnus l\u00e4bir\u00e4\u00e4kimisi &#8211; P\u00e4rnu Postimees"},"content":{"rendered":"<ol>\n<li><a href=\"https:\/\/news.google.com\/rss\/articles\/CBMingFBVV95cUxNcmVHYm9hX0w0OGE1UEpRdjR3OTI4MkRDTzNabzVfbmg3Nk40Q2xjc0ZtLTBQcDNkUDExYklGeEVQdXQtczhseU0tdXA4b1RMbzk2WWhWSEg0aGMwcXdYU1dpa2t1OWdzWmI1ejRVTU9nOG1GbFlPOWdLZUxYakh3dXBYNVAwYndQcEdHazBzemp4YXgyVmtxSUEwRm0zUQ?oc=5\" target=\"_blank\" rel=\"nofollow noopener\">EKRE n\u00f5ustus Isamaa ettepanekuga alustada P\u00e4rnus l\u00e4bir\u00e4\u00e4kimisi<\/a>&nbsp;&nbsp;P\u00e4rnu Postimees<\/li>\n<li><a href=\"https:\/\/news.google.com\/rss\/articles\/CBMixgFBVV95cUxOMDdrV00xZEpvWnRjZFRFSDdwOG1LeXgtajNPWUppdmNtZG5SZk5kNmpGQ2cxOTJxa0RhaWZ4R2JZb0tPYldVZXEyLUVvd2lVd0xTdFA0MTI0VkZES1UxRjRpbjIwWUFaRWd1V05Qd1RUTDMxWU5fUTlmWDlBdmpDN3RTemswTXJ5TVNhSFp6bUZLLTRrdGNJSlVUb0dtcmpjS1JWeUxJX3RZMVVuRlBfZ0dCak9IcVBaQnZ1VGd3MmtPUDU2c1E?oc=5\" target=\"_blank\" rel=\"nofollow noopener\">Reformierakond tegi P\u00e4rnus valimisliitudele ja Isamaale ettepaneku moodustada uus linnavalitsus<\/a>&nbsp;&nbsp;\u00d5htuleht<\/li>\n<li><a href=\"https:\/\/news.google.com\/rss\/articles\/CBMiqgFBVV95cUxOLUROTTlnNDFNbEJpZG92Sm1ZWXB4ZWlLOEo3YlJ6TERlX0hmNS1PUTVaN0duVHRrZkhpZXhqZGsyQ012bjF0MUstb0hXN2dEOFRwaXBPZU1yOVJJbnEzQWowXzMxa1dRMUxtSTB6VkluZXFwaDljMEwtM2lMcEx6VGZPeld4ZWhkdEJkalRUWjJER0NTTHZ5TkpFc2NlR3NKRF9iS2JCSUllUQ?oc=5\" target=\"_blank\" rel=\"nofollow noopener\">V\u00f5imukriis P\u00e4rnus j\u00e4tkub. Parempoolsed: kaardid on Keskerakonna k\u00e4es<\/a>&nbsp;&nbsp;Delfi<\/li>\n<li><a href=\"https:\/\/news.google.com\/rss\/articles\/CBMisgFBVV95cUxOb3A4c214UVhGU0NGN19IRXNZTHhQSnlEbEQ1UzltbUF4dm5fbU5KSTJremFDcGk5UWszSjRuQjRadTFUcDN4SFEzMUhaekxQZnkzNHZlLUJrWEdPekNuWUJ0a0Y5Y2JFb0ZvVUlDc0ZVOHFWSHU1cVVlYmdUckpBcUFqcXRFNFB6RHlfWHVlTWJUVzFuRUVISGEyUXBCcWJ2dHpfSEZoeWR2WTFpVU5JQ1lB?oc=5\" target=\"_blank\" rel=\"nofollow noopener\">TV3 uudised: P\u00e4rnu v\u00f5imuladvikus l\u00f6\u00f6b tuld: koalitsioon ragiseb koost<\/a>&nbsp;&nbsp;tv3.ee<\/li>\n<li><a href=\"https:\/\/news.google.com\/rss\/articles\/CBMiP0FVX3lxTE1QbWFucU5zZjMyWkh1TnZRX0FrOGJpei16U1UwZm1PM1VkYU1SYjZaeU15Qk9Fa005V24zQmVVVQ?oc=5\" target=\"_blank\" rel=\"nofollow noopener\">Madridi Reali legend j\u00e4tkab klubis ka oma 20. hooajal<\/a>&nbsp;&nbsp;Uudis.net<\/li>\n<\/ol>\n","protected":false},"excerpt":{"rendered":"EKRE n\u00f5ustus Isamaa ettepanekuga alustada P\u00e4rnus l\u00e4bir\u00e4\u00e4kimisi&nbsp;&nbsp;P\u00e4rnu Postimees Reformierakond tegi P\u00e4rnus valimisliitudele ja Isamaale ettepaneku moodustada uus linnavalitsus&nbsp;&nbsp;\u00d5htuleht&hellip;\n","protected":false},"author":2,"featured_media":236550,"comment_status":"","ping_status":"","sticky":false,"template":"","format":"standard","meta":{"footnotes":"","_share_on_mastodon":"0"},"categories":[5],"tags":[26,27,37,33,35,10128,729,94230,34,36,31,32,21,731,7987,13511,40129,28,29,19,12439,2369,13170,350,25,23,24,22,20,13512,30,5718],"class_list":["post-236549","post","type-post","status-publish","format-standard","has-post-thumbnail","category-uldised-uudised","tag-breaking-news","tag-breakingnews","tag-ee","tag-eesti","tag-eesti-keel","tag-eesti-poliitika","tag-ekre","tag-ekre-alustab-voimuliidu-labiraakimisi-isamaaga","tag-estonia","tag-estonian","tag-featured-news","tag-featurednews","tag-headlines","tag-isamaa","tag-koalitsioon","tag-koalitsioonikonelused","tag-kohalik-poliitika","tag-latest-news","tag-latestnews","tag-news","tag-opositsioon","tag-parnu-linnavalitsus","tag-parnu-linnavolikogu","tag-parnumaa","tag-populaarseimad-lood","tag-top-stories","tag-topstories","tag-uldised-uudised","tag-uudised","tag-valmar-veste","tag-viimased-uudised","tag-voimuliit"],"share_on_mastodon":{"url":"","error":""},"_links":{"self":[{"href":"https:\/\/www.europesays.com\/ee\/wp-json\/wp\/v2\/posts\/236549","targetHints":{"allow":["GET"]}}],"collection":[{"href":"https:\/\/www.europesays.com\/ee\/wp-json\/wp\/v2\/posts"}],"about":[{"href":"https:\/\/www.europesays.com\/ee\/wp-json\/wp\/v2\/types\/post"}],"author":[{"embeddable":true,"href":"https:\/\/www.europesays.com\/ee\/wp-json\/wp\/v2\/users\/2"}],"replies":[{"embeddable":true,"href":"https:\/\/www.europesays.com\/ee\/wp-json\/wp\/v2\/comments?post=236549"}],"version-history":[{"count":0,"href":"https:\/\/www.europesays.com\/ee\/wp-json\/wp\/v2\/posts\/236549\/revisions"}],"wp:featuredmedia":[{"embeddable":true,"href":"https:\/\/www.europesays.com\/ee\/wp-json\/wp\/v2\/media\/236550"}],"wp:attachment":[{"href":"https:\/\/www.europesays.com\/ee\/wp-json\/wp\/v2\/media?parent=236549"}],"wp:term":[{"taxonomy":"category","embeddable":true,"href":"https:\/\/www.europesays.com\/ee\/wp-json\/wp\/v2\/categories?post=236549"},{"taxonomy":"post_tag","embeddable":true,"href":"https:\/\/www.europesays.com\/ee\/wp-json\/wp\/v2\/tags?post=236549"}],"curies":[{"name":"wp","href":"https:\/\/api.w.org\/{rel}","templated":true}]}}