{"id":236560,"date":"2026-07-25T14:57:06","date_gmt":"2026-07-25T14:57:06","guid":{"rendered":"https:\/\/www.europesays.com\/ee\/236560\/"},"modified":"2026-07-25T14:57:06","modified_gmt":"2026-07-25T14:57:06","slug":"vaidlus-loppes-klickile-kaotusega-katkise-teleri-saanud-ostjale-tuleb-ule-1100-euro-tagasi-maksta","status":"publish","type":"post","link":"https:\/\/www.europesays.com\/ee\/236560\/","title":{"rendered":"Vaidlus l\u00f5ppes Klickile kaotusega. Katkise teleri saanud ostjale tuleb \u00fcle 1100 euro tagasi maksta"},"content":{"rendered":"<p>Tarbijavaidluste komisjon leidis, et ostja ei kaota oma seadusest tulenevaid \u00f5igusi ka siis, kui ta on originaalpakendi \u00e4ra visanud.<\/p>\n<p>Vaidlus sai alguse aprillis, kui tarbija tellis Klicki e-poest ligi 1116 euro maksnud 65-tollise Sony teleri. Kuller andis suure teleri \u00fcle kortermaja trepikojas ning lahkus kohe. Kodus pakendit avades selgus, et ekraan oli alt muljutud ja pragunenud ning teler pilti ette ei v\u00f5tnud. Tarbija teatas kahjustusest kullerfirmale v\u00e4hem kui tunni jooksul ning m\u00f5ni p\u00e4ev hiljem ka Klickile, soovides uut telerit.<\/p>\n<p>Oled juba tellija?Logi sisse<\/p>\n<p><a href=\"https:\/\/arileht.delfi.ee\/artikkel\/120598681\/vaidlus-loppes-klickile-kaotusega-katkise-teleri-saanud-ostjale-tuleb-ule-1100-euro-tagasi-maksta\/kommentaarid\" class=\"article-body-bottom__comment article-body-bottom__comment--write button button--primary button--size-auto\" rel=\"nofollow noopener\" target=\"_blank\"> Kommenteeri <\/a><a href=\"https:\/\/arileht.delfi.ee\/artikkel\/120598681\/vaidlus-loppes-klickile-kaotusega-katkise-teleri-saanud-ostjale-tuleb-ule-1100-euro-tagasi-maksta\/kommentaarid\" class=\"article-body-bottom__comment article-body-bottom__comment--read button button--size-auto\" rel=\"nofollow noopener\" target=\"_blank\"> Loe kommentaare (28)<\/a><\/p>\n","protected":false},"excerpt":{"rendered":"Tarbijavaidluste komisjon leidis, et ostja ei kaota oma seadusest tulenevaid \u00f5igusi ka siis, kui ta on originaalpakendi \u00e4ra&hellip;\n","protected":false},"author":2,"featured_media":236561,"comment_status":"","ping_status":"","sticky":false,"template":"","format":"standard","meta":{"footnotes":"","_share_on_mastodon":"0"},"categories":[14],"tags":[131,130,37,33,35,34,36,94232,94231,12571],"class_list":["post-236560","post","type-post","status-publish","format-standard","has-post-thumbnail","category-ari","tag-ari","tag-business","tag-ee","tag-eesti","tag-eesti-keel","tag-estonia","tag-estonian","tag-klick-eesti","tag-tarbijavaidlused","tag-teler"],"share_on_mastodon":{"url":"https:\/\/pubeurope.com\/@ee\/116981205793811197","error":""},"_links":{"self":[{"href":"https:\/\/www.europesays.com\/ee\/wp-json\/wp\/v2\/posts\/236560","targetHints":{"allow":["GET"]}}],"collection":[{"href":"https:\/\/www.europesays.com\/ee\/wp-json\/wp\/v2\/posts"}],"about":[{"href":"https:\/\/www.europesays.com\/ee\/wp-json\/wp\/v2\/types\/post"}],"author":[{"embeddable":true,"href":"https:\/\/www.europesays.com\/ee\/wp-json\/wp\/v2\/users\/2"}],"replies":[{"embeddable":true,"href":"https:\/\/www.europesays.com\/ee\/wp-json\/wp\/v2\/comments?post=236560"}],"version-history":[{"count":0,"href":"https:\/\/www.europesays.com\/ee\/wp-json\/wp\/v2\/posts\/236560\/revisions"}],"wp:featuredmedia":[{"embeddable":true,"href":"https:\/\/www.europesays.com\/ee\/wp-json\/wp\/v2\/media\/236561"}],"wp:attachment":[{"href":"https:\/\/www.europesays.com\/ee\/wp-json\/wp\/v2\/media?parent=236560"}],"wp:term":[{"taxonomy":"category","embeddable":true,"href":"https:\/\/www.europesays.com\/ee\/wp-json\/wp\/v2\/categories?post=236560"},{"taxonomy":"post_tag","embeddable":true,"href":"https:\/\/www.europesays.com\/ee\/wp-json\/wp\/v2\/tags?post=236560"}],"curies":[{"name":"wp","href":"https:\/\/api.w.org\/{rel}","templated":true}]}}