{"id":236567,"date":"2026-07-25T15:11:58","date_gmt":"2026-07-25T15:11:58","guid":{"rendered":"https:\/\/www.europesays.com\/ee\/236567\/"},"modified":"2026-07-25T15:11:58","modified_gmt":"2026-07-25T15:11:58","slug":"galerii-avatud-talude-paev-louka-hobitalus-ja-tanava-talus","status":"publish","type":"post","link":"https:\/\/www.europesays.com\/ee\/236567\/","title":{"rendered":"Galerii: avatud talude p\u00e4ev L\u00f5uka hobitalus ja T\u00e4nava talus"},"content":{"rendered":"<p>            <a href=\"https:\/\/online.le.ee\/wp-content\/uploads\/2026\/07\/Louka-talu-foto-Juhan-Hepner-34-1-e1784983567552.jpg\" data-caption=\"\" rel=\"nofollow noopener\" target=\"_blank\"><img loading=\"lazy\" width=\"696\" height=\"391\" class=\"entry-thumb td-modal-image lazyload\" alt=\"\" title=\"L\u00f5uka talu foto Juhan Hepner (34)\" src=\"https:\/\/www.europesays.com\/ee\/wp-content\/uploads\/2026\/07\/Louka-talu-foto-Juhan-Hepner-34-1-e1784983567552-696x391.jpg\" decoding=\"async\"  data- data-eio-rwidth=\"696\" data-eio-rheight=\"391\"\/><\/a><\/p>\n<p>Kuvatud 3 pilti, galeriis pilte: 58<\/p>\n<p>\u00a0<\/p>\n<p>Sellel n\u00e4dalavahetusel peetakse \u00fcle Eesti avatud talude p\u00e4eva. L\u00e4\u00e4nemaal ja L\u00e4\u00e4neranna vallas ootab k\u00fclastajaid laup\u00e4eval ja p\u00fchap\u00e4eval kokku 20 talu, mida on kahe v\u00f5rra rohkem kui m\u00f6\u00f6dunud aastal.<\/p>\n<p>L\u00f5uka hobitalus sai n\u00e4ha kitsi, k\u00fc\u00fclikuid, ponisid, parte ja teisi loomi ning linde,\n\t<\/p>\n<p>Artikli lugemiseks tellige p\u00e4evapilet, digipakett v\u00f5i <a href=\"https:\/\/online.le.ee\/tellimine\/\" rel=\"nofollow noopener\" target=\"_blank\">logige<\/a> sisse!<br \/>\n<a href=\"https:\/\/online.le.ee\/tellimine\" rel=\"attachment wp-att-387649 nofollow noopener\" target=\"_blank\"><img loading=\"lazy\" class=\"aligncenter size-full wp-image-387649 lazyload\" alt=\"\" width=\"688\" height=\"101\" src=\"https:\/\/www.europesays.com\/ee\/wp-content\/uploads\/2026\/07\/1784956268_403_tasuline.png\" decoding=\"async\" data-eio-rwidth=\"700\" data-eio-rheight=\"100\"\/><\/a><\/p>\n<p>Reklaam<\/p>\n<p>                        Eelmine artikkel<a href=\"https:\/\/online.le.ee\/2026\/07\/25\/katrina-lehis-piirdus-mmil-kuuteistkumnendikfinaaliga\/\" rel=\"nofollow noopener\" target=\"_blank\">Katrina Lehis piirdus MMil kuuteistk\u00fcmnendikfinaaliga<\/a>                                <\/p>\n","protected":false},"excerpt":{"rendered":"Kuvatud 3 pilti, galeriis pilte: 58 \u00a0 Sellel n\u00e4dalavahetusel peetakse \u00fcle Eesti avatud talude p\u00e4eva. L\u00e4\u00e4nemaal ja L\u00e4\u00e4neranna&hellip;\n","protected":false},"author":2,"featured_media":236568,"comment_status":"","ping_status":"","sticky":false,"template":"","format":"standard","meta":{"footnotes":"","_share_on_mastodon":"0"},"categories":[5],"tags":[22940,26,27,37,33,35,34,36,31,32,21,28,29,94235,19,25,17352,94236,23,24,22,20,30],"class_list":["post-236567","post","type-post","status-publish","format-standard","has-post-thumbnail","category-uldised-uudised","tag-avatud-talude-paev","tag-breaking-news","tag-breakingnews","tag-ee","tag-eesti","tag-eesti-keel","tag-estonia","tag-estonian","tag-featured-news","tag-featurednews","tag-headlines","tag-latest-news","tag-latestnews","tag-louka-hobitalu","tag-news","tag-populaarseimad-lood","tag-talu","tag-tanava-talu","tag-top-stories","tag-topstories","tag-uldised-uudised","tag-uudised","tag-viimased-uudised"],"share_on_mastodon":{"url":"https:\/\/pubeurope.com\/@ee\/116981265158966908","error":""},"_links":{"self":[{"href":"https:\/\/www.europesays.com\/ee\/wp-json\/wp\/v2\/posts\/236567","targetHints":{"allow":["GET"]}}],"collection":[{"href":"https:\/\/www.europesays.com\/ee\/wp-json\/wp\/v2\/posts"}],"about":[{"href":"https:\/\/www.europesays.com\/ee\/wp-json\/wp\/v2\/types\/post"}],"author":[{"embeddable":true,"href":"https:\/\/www.europesays.com\/ee\/wp-json\/wp\/v2\/users\/2"}],"replies":[{"embeddable":true,"href":"https:\/\/www.europesays.com\/ee\/wp-json\/wp\/v2\/comments?post=236567"}],"version-history":[{"count":0,"href":"https:\/\/www.europesays.com\/ee\/wp-json\/wp\/v2\/posts\/236567\/revisions"}],"wp:featuredmedia":[{"embeddable":true,"href":"https:\/\/www.europesays.com\/ee\/wp-json\/wp\/v2\/media\/236568"}],"wp:attachment":[{"href":"https:\/\/www.europesays.com\/ee\/wp-json\/wp\/v2\/media?parent=236567"}],"wp:term":[{"taxonomy":"category","embeddable":true,"href":"https:\/\/www.europesays.com\/ee\/wp-json\/wp\/v2\/categories?post=236567"},{"taxonomy":"post_tag","embeddable":true,"href":"https:\/\/www.europesays.com\/ee\/wp-json\/wp\/v2\/tags?post=236567"}],"curies":[{"name":"wp","href":"https:\/\/api.w.org\/{rel}","templated":true}]}}