{"id":236620,"date":"2026-07-25T16:58:13","date_gmt":"2026-07-25T16:58:13","guid":{"rendered":"https:\/\/www.europesays.com\/ee\/236620\/"},"modified":"2026-07-25T16:58:13","modified_gmt":"2026-07-25T16:58:13","slug":"eesti-koigi-aegade-edetabelis-teiseks-tousnud-henri-apri-olen-alles-19-suured-asjad-on-veel-ees","status":"publish","type":"post","link":"https:\/\/www.europesays.com\/ee\/236620\/","title":{"rendered":"Eesti k\u00f5igi aegade edetabelis teiseks t\u00f5usnud Henri Apri: olen alles 19, suured asjad on veel ees"},"content":{"rendered":"<p>Erki Noole juhtn\u00f6\u00f6ride j\u00e4rgi harjutav Apri (SK Elite Sport) v\u00f5idutulemus t\u00e4histab Eesti U23 rekordit. \u00dchtlasi t\u00f5usis ta k\u00f5igi aegade edetabelis treeningkaaslase Robert Kompuse ees teiseks. Temast enamast on suutnud vaid Valeri Bukrejev, kes \u00fcletas 1993. aastal Chiaris 5.86.<\/p>\n<p>Kompus, kelle nimele kuulus seni U23 rekord 5.65-ga, sai sedapuhku 5.40-ga h\u00f5bemedali. Pronksi p\u00e4lvis Martin Plakk (5.00).<\/p>\n<p>\u201eKuidagi rabedalt algas v\u00f5istlus, ma ei leidnud r\u00fctmi. Mida j\u00e4igemaks teibad l\u00e4ksid, seda paremaks muutus ka tehnika,\u201c s\u00f5nas Apri peale medali kaelasaamist ajakirjanikele. Ta sai nii 5.25-st kui 5.40-st \u00fcle teisel katsel, 5.55 tuli avakatsel. Uue tippmargi \u00fcletas Apri samuti teisel katsel.<\/p>\n<p>Oled juba tellija?Logi sisse<\/p>\n<p><a href=\"https:\/\/sport.delfi.ee\/artikkel\/120599621\/eesti-koigi-aegade-edetabelis-teiseks-tousnud-henri-apri-olen-alles-19-suured-asjad-on-veel-ees\/kommentaarid\" class=\"article-body-bottom__comment article-body-bottom__comment--write button button--primary button--size-auto\" rel=\"nofollow noopener\" target=\"_blank\"> Kommenteeri <\/a><a href=\"https:\/\/sport.delfi.ee\/artikkel\/120599621\/eesti-koigi-aegade-edetabelis-teiseks-tousnud-henri-apri-olen-alles-19-suured-asjad-on-veel-ees\/kommentaarid\" class=\"article-body-bottom__comment article-body-bottom__comment--read button button--size-auto\" rel=\"nofollow noopener\" target=\"_blank\"> Loe kommentaare (3)<\/a><\/p>\n","protected":false},"excerpt":{"rendered":"Erki Noole juhtn\u00f6\u00f6ride j\u00e4rgi harjutav Apri (SK Elite Sport) v\u00f5idutulemus t\u00e4histab Eesti U23 rekordit. \u00dchtlasi t\u00f5usis ta k\u00f5igi&hellip;\n","protected":false},"author":2,"featured_media":236621,"comment_status":"","ping_status":"","sticky":false,"template":"","format":"standard","meta":{"footnotes":"","_share_on_mastodon":"0"},"categories":[18],"tags":[37,33,35,38,34,36,44748,159,158],"class_list":["post-236620","post","type-post","status-publish","format-standard","has-post-thumbnail","category-sport","tag-ee","tag-eesti","tag-eesti-keel","tag-erki-nool","tag-estonia","tag-estonian","tag-henri-apri","tag-sport","tag-sports"],"share_on_mastodon":{"url":"https:\/\/pubeurope.com\/@ee\/116981681692321149","error":""},"_links":{"self":[{"href":"https:\/\/www.europesays.com\/ee\/wp-json\/wp\/v2\/posts\/236620","targetHints":{"allow":["GET"]}}],"collection":[{"href":"https:\/\/www.europesays.com\/ee\/wp-json\/wp\/v2\/posts"}],"about":[{"href":"https:\/\/www.europesays.com\/ee\/wp-json\/wp\/v2\/types\/post"}],"author":[{"embeddable":true,"href":"https:\/\/www.europesays.com\/ee\/wp-json\/wp\/v2\/users\/2"}],"replies":[{"embeddable":true,"href":"https:\/\/www.europesays.com\/ee\/wp-json\/wp\/v2\/comments?post=236620"}],"version-history":[{"count":0,"href":"https:\/\/www.europesays.com\/ee\/wp-json\/wp\/v2\/posts\/236620\/revisions"}],"wp:featuredmedia":[{"embeddable":true,"href":"https:\/\/www.europesays.com\/ee\/wp-json\/wp\/v2\/media\/236621"}],"wp:attachment":[{"href":"https:\/\/www.europesays.com\/ee\/wp-json\/wp\/v2\/media?parent=236620"}],"wp:term":[{"taxonomy":"category","embeddable":true,"href":"https:\/\/www.europesays.com\/ee\/wp-json\/wp\/v2\/categories?post=236620"},{"taxonomy":"post_tag","embeddable":true,"href":"https:\/\/www.europesays.com\/ee\/wp-json\/wp\/v2\/tags?post=236620"}],"curies":[{"name":"wp","href":"https:\/\/api.w.org\/{rel}","templated":true}]}}