{"id":236704,"date":"2026-07-25T19:36:10","date_gmt":"2026-07-25T19:36:10","guid":{"rendered":"https:\/\/www.europesays.com\/ee\/236704\/"},"modified":"2026-07-25T19:36:10","modified_gmt":"2026-07-25T19:36:10","slug":"nool-lukkas-umber-jutud-vannineni-uletreenimisest-tanavu-tegi-ta-vahem-trenni-kui-mullu","status":"publish","type":"post","link":"https:\/\/www.europesays.com\/ee\/236704\/","title":{"rendered":"Nool l\u00fckkas \u00fcmber jutud Vannineni \u00fcletreenimisest: t\u00e4navu tegi ta v\u00e4hem trenni kui mullu"},"content":{"rendered":"<p>Vanninen v\u00f5itis eelmisel hooajal Noole juhendamisel viiev\u00f5istluse MM- ja EM-tiitli ning sai t\u00e4iskasvanute maailmameistriv\u00f5istlustel seitsmenda koha. Kuid sel suvel l\u00e4ksid kahe osapoole teed lahku. <\/p>\n<p>Nool l\u00fckkas Soome portaalile antud pikemas intervjuus \u00fcmber erinevad spekulatsioonid, mis p\u00f5hjanaabrite juures hakkasid ringlema. \u201eKeegi pole n\u00e4inud, kuidas me treenisime v\u00f5i k\u00e4inud meie juures Tallinnas. Lihtsalt oletati,\u201c \u00fctles Nool, kelle s\u00f5nul sportlase plaanid muutusid mai l\u00f5pus.<\/p>\n<p>Koost\u00f6\u00f6 l\u00f5petamist arutati esmakordselt juunis<\/p>\n<p>Vanninen katkestas traditsioonilise G\u00f6tzise seitsmev\u00f5istluse p\u00e4rast viit ala. Ehkki seej\u00e4rel oli plaan, et soomlanna v\u00f5iks kuu aja p\u00e4rast taas stardis olla, hakkasid asjad peagi venima. <\/p>\n<p>\u201eTa \u00fctles, et ei usu end heasse vormi j\u00f5udvat ja soovis v\u00e4ikest pausi. M\u00f6\u00f6dus n\u00e4dal ning siis \u00fctles ta, et v\u00f5iksime umbes kuu aega \u00fcldse mitte treenida, et ta saaks veidi taastuda. Ilmselt otsustas ta siis, et ei v\u00f5istlegi sel suvel,\u201c meenutas Nool s\u00fcndmuste jada, mis p\u00e4\u00e4dis Vannineni otsusega, et ta sel aastal enam starti ei tulegi.<\/p>\n<p>Noole s\u00f5nul arutati koost\u00f6\u00f6 l\u00f5petamist esimest korda juuni l\u00f5pus. K\u00fcmnev\u00f5istluse ol\u00fcmpiav\u00f5itja ei soovinud Vannineni eest r\u00e4\u00e4kida, kuid usub, et sportlast vaevas koduigatsus, kuna ta pidi pidevalt Soome ja Eesti vahet reisima.<\/p>\n<p><img decoding=\"async\" src=\"https:\/\/www.europesays.com\/ee\/wp-content\/uploads\/2026\/07\/1785008169_468_4ef64294-c159-4961-be2f-a2327d729f34.jpg\" loading=\"lazy\" alt=\"Vanninen ja Nool 2025. aasta MM-il.\"\/><\/p>\n<p>Varem treenis Tallinnas ka teisi sportlasi, kuid viimasel ettevalmistusperioodil oli Vanninen tema k\u00e4e all sageli \u00fcksinda. \u201eTa tundis end \u00fcksikuna ja tal oli koduigatsus. See on raske, kui sa oled p\u00e4rast treeningut hotellis t\u00e4iesti \u00fcksi. Ta \u00fctles juba talvel ja kevadel, et tunne on nagu elaks autos. Seet\u00f5ttu k\u00e4is ta \u00fcha sagedamini Soomes. Tal oli raske,\u201c m\u00e4rkis 56-aastane juhendaja.<\/p>\n<p>Noole s\u00f5nul m\u00f5jutab emotsionaalne seisund sportlikke tulemusi v\u00e4ga palju ning ta t\u00f5i n\u00e4ite k\u00f5rgush\u00fcppest. \u201eEelmisel aastal h\u00fcppas Saga enne Tallinna sisev\u00f5istlust treeningul 1.70 ja ta \u00fctles kohe, et treeningu ja v\u00f5istluse tulemuse vahe on tavaliselt k\u00fcmme sentimeetrit. V\u00f5istlusel h\u00fcppaski ta peaaegu 1.80,\u201c viitas Nool mullusele v\u00f5istlusele, kus tema hoolealune sai kirja 1.79.<\/p>\n<p>\u201eT\u00e4navu \u00fcletas ta treeningutel korduvalt 1.75, kuid v\u00f5istlustel j\u00e4i sellest allapoole. See viitab sellele, et probleem oli emotsionaalne, mitte f\u00fc\u00fcsiline. Sportlane peab end h\u00e4sti tundma,\u201c leidis eestlane.<\/p>\n<p>Trenni tehti v\u00e4hem kui eelmisel aastal<\/p>\n<p>Soome meedias spekuleeriti, et Vannineni murede taga v\u00f5ib olla \u00fcletreenitus. Nool l\u00fckkas need jutud \u00fcmber, sest olukord oli hoopis vastupidine, sest t\u00e4navu treeniti v\u00e4hem kui mullu.<\/p>\n<p>\u201eTegime sel aastal v\u00e4hem trenni kui eelmisel aastal. Mullu polnud ta sellise koormusega harjunud, t\u00e4navu oli tal lihtsam,\u201c selgitas Nool. \u201eTreeningmahu v\u00e4hendamiseks oli ka p\u00f5hjus. Sagal oli probleeme h\u00fcppeliigesega, mist\u00f5ttu ei saanud me teha kiirusjooksu. Samuti ei suutnud ta pikka aega t\u00f5kkeid joosta ja see kajastus ka tulemustes. K\u00f5ike muud sai ta teha.\u201c<\/p>\n<p>Noole hinnangul oli soomlanna kaugush\u00fcpe okei, aga teised alad ei sujunud sama h\u00e4sti. Muutunud treeningud v\u00f5isid m\u00f5jutada ka enesekindlust. \u201eKui sa ei saa harjutada sellise kiirusega, nagu peaks, siis kaob enesekindlus. Sport on keeruline. Alati ei tea, miks m\u00f5ned asjad toimivad ja teised mitte,\u201c lisas ta.<\/p>\n<p><img decoding=\"async\" src=\"https:\/\/www.europesays.com\/ee\/wp-content\/uploads\/2026\/07\/d2f75dfa-7960-49a0-b649-6d2580cf2388.jpg\" loading=\"lazy\" alt=\"Vanninen j\u00e4i MM-il medalist kaugele.\"\/><\/p>\n<p>Kuigi Noole ja Vannineni \u00fchine teekond ei kujunenud kuigi pikaks, oli eestlane suures plaanis oma hoolealuse tulemustega rahul.<\/p>\n<p>\u201eP\u00e4ris hea!\u201c v\u00f5ttis Nool nende \u00fchise teekonna naeratades kokku. \u201eOlen \u00fcsna kriitiline inimene, kuid viiev\u00f5istluse tulemusi vaadates v\u00f5ib nii \u00f6elda. Ainus eba\u00f5nnestumine olid Tokyo maailmameistriv\u00f5istlused. Tagasil\u00f6\u00f6gid algasid [avaalal] 100 meetri t\u00f5kkejooksus, kus ameeriklanna komistas. Saga stardi j\u00e4rel j\u00f5udsin h\u00fc\u00fcda, et n\u00fc\u00fcd tuleb isiklik rekord, aga ameeriklanna kukkumise j\u00e4rel l\u00e4ks k\u00f5ik valesti.\u201c<\/p>\n<p>Sealt alanud jada j\u00e4rel eba\u00f5nnestusid ka j\u00e4rgmised alad ning soomlanna piirdus 6396 punktiga. \u201eKuigi Saga oli heas vormis, kadus keskendumine ning ka k\u00f5rgush\u00fcppes ei tulnud isiklikku rekordit. Siis oli n\u00e4ha, et 6700 punkti ei tule,\u201c meenutas ta.<\/p>\n<p>Kuid Nool leidis \u00fcldjoontes, et Vanninen on v\u00e4ga kohusetundlik treenija ja erakordselt andekas sportlane.<\/p>\n<p>\u201eMind \u00fcllatas, kui kiiresti suutis ta oma v\u00f5hma parandada. Seda n\u00e4itab eriti 800 meetri jooks, sest praegu on ta sellel distantsil maailmatasemel mitmev\u00f5istleja. Varem teadsid k\u00f5ik, et nad suudavad sel alal Sagat v\u00f5ita,\u201c viitas Nool sellele, et Vanninen suutis kahe aastaga oma 800 meetri tippmarki parandada viie sekundi v\u00f5rra.<\/p>\n<p>Vanninen peab optimismi tagasi saama<\/p>\n<p>23-aastase Vannineni suur eesm\u00e4rk on 2028. aasta Los Angelese ol\u00fcmpia. Soomlanna seitsmev\u00f5istluse tippmark on 6563 punkti ja Nool usub, et selles on omajagu varu.<\/p>\n<p>\u201eTa on t\u00e4iesti kindlasti ol\u00fcmpiamedali kandidaat. Ol\u00fcmpiakulla v\u00f5itmiseks peaks tulemus olema umbes 7000 punkti, aga selleks peab ta v\u00e4ga palju parandama odaviset, 200 meetri jooksu ja t\u00f5kkejooksu. K\u00f5igil neil aladel tuleb teha samm edasi, aga see pole kaugel,\u201c r\u00e4\u00e4kis Nool.<\/p>\n<p>7000 punkti piirini j\u00f5udmiseks tuleb \u00fcldist f\u00fc\u00fcsilist taset samm-sammult parandada. \u201e\u00dcldine kehaline v\u00f5imekus peab olema selline, et suudaks treenida maailma tipptasemel. Selle saavutamine v\u00f5tab aastaid. Vorm peab olema nii hea, et suudaks teha tugeva tulemuse ka halbades tingimustes v\u00f5i siis, kui m\u00f5ni ala eba\u00f5nnestub. Kuid k\u00f5igepealt peab ta optimismi tagasi saama. Sellise, nagu tal oli eelmisel aastal,\u201c m\u00e4rkis ta.<\/p>\n<p>Nool juhendab praegu teiste seas Eesti teivash\u00fcppelootusi Henri Aprit ja Allika Inkeri Moserit. Neist esimene \u00fcletas laup\u00e4eval Eesti k\u00f5igi aegade teise tulemuse 5.66 ning teise nimel on naiste U18 vanuseklassi maailmarekord.<\/p>\n<p>Vanninen kolis aga Turu linna ning alustab treeninguid Jarno Koivuse juhitavas tiimis. \u201eKui ta saab rahulikult treenida ja enesekindluse tagasi, piisab sellest juba tulemuste parandamiseks. F\u00fc\u00fcsiliselt on ta valmis tegema paremaid tulemusi, kui ta praegu v\u00f5istlustel n\u00e4itab. Varem h\u00fcppas ta k\u00f5rgust j\u00f5u pealt, n\u00fc\u00fcd teeb seda ka hea tehnikaga,\u201c v\u00f5ttis Nool asjad kokku.<\/p>\n<p>Kuidas see lugu Sind end tundma pani? Saada <a href=\"https:\/\/sport.delfi.ee\/artikkel\/120599631\/nool-lukkas-umber-jutud-vannineni-uletreenimisest-tanavu-tegi-ta-vahem-trenni-kui-mullu\/kommentaarid\" class=\"article-body-bottom__comment article-body-bottom__comment--write button button--primary button--size-auto\" rel=\"nofollow noopener\" target=\"_blank\"> Kommenteeri <\/a><a href=\"https:\/\/sport.delfi.ee\/artikkel\/120599631\/nool-lukkas-umber-jutud-vannineni-uletreenimisest-tanavu-tegi-ta-vahem-trenni-kui-mullu\/kommentaarid\" class=\"article-body-bottom__comment article-body-bottom__comment--read button button--size-auto\" rel=\"nofollow noopener\" target=\"_blank\"> Loe kommentaare (2)<\/a><\/p>\n","protected":false},"excerpt":{"rendered":"Vanninen v\u00f5itis eelmisel hooajal Noole juhendamisel viiev\u00f5istluse MM- ja EM-tiitli ning sai t\u00e4iskasvanute maailmameistriv\u00f5istlustel seitsmenda koha. Kuid sel&hellip;\n","protected":false},"author":2,"featured_media":236705,"comment_status":"","ping_status":"","sticky":false,"template":"","format":"standard","meta":{"footnotes":"","_share_on_mastodon":"0"},"categories":[5],"tags":[26,27,37,33,35,38,34,36,31,32,21,28,29,19,25,23,24,22,20,30],"class_list":["post-236704","post","type-post","status-publish","format-standard","has-post-thumbnail","category-uldised-uudised","tag-breaking-news","tag-breakingnews","tag-ee","tag-eesti","tag-eesti-keel","tag-erki-nool","tag-estonia","tag-estonian","tag-featured-news","tag-featurednews","tag-headlines","tag-latest-news","tag-latestnews","tag-news","tag-populaarseimad-lood","tag-top-stories","tag-topstories","tag-uldised-uudised","tag-uudised","tag-viimased-uudised"],"share_on_mastodon":{"url":"","error":""},"_links":{"self":[{"href":"https:\/\/www.europesays.com\/ee\/wp-json\/wp\/v2\/posts\/236704","targetHints":{"allow":["GET"]}}],"collection":[{"href":"https:\/\/www.europesays.com\/ee\/wp-json\/wp\/v2\/posts"}],"about":[{"href":"https:\/\/www.europesays.com\/ee\/wp-json\/wp\/v2\/types\/post"}],"author":[{"embeddable":true,"href":"https:\/\/www.europesays.com\/ee\/wp-json\/wp\/v2\/users\/2"}],"replies":[{"embeddable":true,"href":"https:\/\/www.europesays.com\/ee\/wp-json\/wp\/v2\/comments?post=236704"}],"version-history":[{"count":0,"href":"https:\/\/www.europesays.com\/ee\/wp-json\/wp\/v2\/posts\/236704\/revisions"}],"wp:featuredmedia":[{"embeddable":true,"href":"https:\/\/www.europesays.com\/ee\/wp-json\/wp\/v2\/media\/236705"}],"wp:attachment":[{"href":"https:\/\/www.europesays.com\/ee\/wp-json\/wp\/v2\/media?parent=236704"}],"wp:term":[{"taxonomy":"category","embeddable":true,"href":"https:\/\/www.europesays.com\/ee\/wp-json\/wp\/v2\/categories?post=236704"},{"taxonomy":"post_tag","embeddable":true,"href":"https:\/\/www.europesays.com\/ee\/wp-json\/wp\/v2\/tags?post=236704"}],"curies":[{"name":"wp","href":"https:\/\/api.w.org\/{rel}","templated":true}]}}