{"id":236708,"date":"2026-07-25T19:46:18","date_gmt":"2026-07-25T19:46:18","guid":{"rendered":"https:\/\/www.europesays.com\/ee\/236708\/"},"modified":"2026-07-25T19:46:18","modified_gmt":"2026-07-25T19:46:18","slug":"kaitseministeerium-vastustab-eripensionide-taastamist-hoiatades-varajase-lahkumise-ja-eelarvekoormuse-eest","status":"publish","type":"post","link":"https:\/\/www.europesays.com\/ee\/236708\/","title":{"rendered":"Kaitseministeerium vastustab eripensionide taastamist, hoiatades varajase lahkumise ja eelarvekoormuse eest"},"content":{"rendered":"<p class=\"text-muted-foreground text-[15px] leading-relaxed\">Eesti Kaitseministeerium on valitsusele esitanud ettepaneku mitte toetada seaduseeln\u00f5u, mis taastaks karj\u00e4\u00e4rs\u00f5jav\u00e4elastele eripensionid, v\u00e4ites, et see soodustaks kogenud personali varajast lahkumist ja koormaks riigieelarvet, suunates vahendeid eemale kaitsev\u00f5ime arendamisest.<\/p>\n<p><a class=\"border-border\/60 hover:border-foreground\/30 focus-visible:ring-foreground\/30 mt-3 flex items-center justify-between gap-3 border px-3 py-2 font-mono text-[10px] font-medium uppercase tracking-wide transition-colors duration-150 focus-visible:outline-none focus-visible:ring-2\" data-sentry-element=\"Link\" data-sentry-component=\"StoryCirculationTeaser\" data-sentry-source-file=\"StoryCirculation.tsx\" href=\"https:\/\/shortl.ee\/et\/estonia\" rel=\"nofollow noopener\" target=\"_blank\">T\u00c4NA \u00b7 7 LUGUVaata \u00fcle<\/a><\/p>\n<ul class=\"space-y-3 text-[15px] leading-relaxed\">\n<li class=\"flex gap-3\">\u2014Eesti Kaitseministeerium on teinud valitsusele ettepaneku mitte toetada seaduseeln\u00f5u, mis taastaks karj\u00e4\u00e4rs\u00f5jav\u00e4elastele eripensionid, v\u00e4ites, et see soodustaks varajast pensionile j\u00e4\u00e4mist ja koormaks riigieelarvet.<\/li>\n<li class=\"flex gap-3\">\u2014Kaitseministeerium m\u00e4rkis, et eripensionid, mida saab taotleda juba 50-aastaselt, panevad kogenud ohvitserid ja allohvitserid lahkuma teenistusest 5\u201315 aastat enne ametlikku pensioniiga, keskmiselt umbes 45 inimest aastas.<\/li>\n<li class=\"flex gap-3\">\u2014Personali hoidmiseks pooldab ministeerium palgat\u00f5use ja staa\u017eitasusid, m\u00e4rkides, et 2025. aastal t\u00f5steti karj\u00e4\u00e4rs\u00f5jav\u00e4elaste p\u00f5hipalku 11 protsenti ja karj\u00e4\u00e4rin\u00f5udega ametikohtadel ligi 14 protsenti, lisaks staa\u017eitasudele, mis on paljude sissetulekuid kasvatanud \u00fcle 40 protsendi.<\/li>\n<li class=\"flex gap-3\">\u2014Ministeerium hindab, et eripensionide taastamine maksaks \u00fcle 30 miljoni euro aastas, ulatudes j\u00e4rgmise k\u00fcmne aasta jooksul potentsiaalselt 470 miljoni euroni, mis suunaks vahendeid eemale olulistest valdkondadest nagu palgad, varustus ja laskemoon.<\/li>\n<li class=\"flex gap-3\">\u2014Riigikogu liikmete r\u00fchm, kuhu kuuluvad Meelis Kiili, Leo Kunnas ja Alar Laneman, algatas eeln\u00f5u nende eripensionide taastamiseks, mis kaotati p\u00e4rast 1. jaanuari 2020 teenistusse astunutele.<\/li>\n<\/ul>\n","protected":false},"excerpt":{"rendered":"Eesti Kaitseministeerium on valitsusele esitanud ettepaneku mitte toetada seaduseeln\u00f5u, mis taastaks karj\u00e4\u00e4rs\u00f5jav\u00e4elastele eripensionid, v\u00e4ites, et see soodustaks kogenud&hellip;\n","protected":false},"author":2,"featured_media":236709,"comment_status":"","ping_status":"","sticky":false,"template":"","format":"standard","meta":{"footnotes":"","_share_on_mastodon":"0"},"categories":[12],"tags":[26,27,37,1198,33,35,94290,34,36,31,32,21,6446,1152,28,29,19,94291,42204,25,640,10637,94292,23,24,22,20,94293,30],"class_list":["post-236708","post","type-post","status-publish","format-standard","has-post-thumbnail","category-eesti","tag-breaking-news","tag-breakingnews","tag-ee","tag-eelarve","tag-eesti","tag-eesti-keel","tag-eripensionid","tag-estonia","tag-estonian","tag-featured-news","tag-featurednews","tag-headlines","tag-kaitsekulutused","tag-kaitseministeerium","tag-latest-news","tag-latestnews","tag-news","tag-palgatousud","tag-personalipoliitika","tag-populaarseimad-lood","tag-riigikogu","tag-sojavaelased","tag-staazitasud","tag-top-stories","tag-topstories","tag-uldised-uudised","tag-uudised","tag-varajane-pensionile-jaamine","tag-viimased-uudised"],"share_on_mastodon":{"url":"","error":"Validation failed: Text character limit of 500 exceeded"},"_links":{"self":[{"href":"https:\/\/www.europesays.com\/ee\/wp-json\/wp\/v2\/posts\/236708","targetHints":{"allow":["GET"]}}],"collection":[{"href":"https:\/\/www.europesays.com\/ee\/wp-json\/wp\/v2\/posts"}],"about":[{"href":"https:\/\/www.europesays.com\/ee\/wp-json\/wp\/v2\/types\/post"}],"author":[{"embeddable":true,"href":"https:\/\/www.europesays.com\/ee\/wp-json\/wp\/v2\/users\/2"}],"replies":[{"embeddable":true,"href":"https:\/\/www.europesays.com\/ee\/wp-json\/wp\/v2\/comments?post=236708"}],"version-history":[{"count":0,"href":"https:\/\/www.europesays.com\/ee\/wp-json\/wp\/v2\/posts\/236708\/revisions"}],"wp:featuredmedia":[{"embeddable":true,"href":"https:\/\/www.europesays.com\/ee\/wp-json\/wp\/v2\/media\/236709"}],"wp:attachment":[{"href":"https:\/\/www.europesays.com\/ee\/wp-json\/wp\/v2\/media?parent=236708"}],"wp:term":[{"taxonomy":"category","embeddable":true,"href":"https:\/\/www.europesays.com\/ee\/wp-json\/wp\/v2\/categories?post=236708"},{"taxonomy":"post_tag","embeddable":true,"href":"https:\/\/www.europesays.com\/ee\/wp-json\/wp\/v2\/tags?post=236708"}],"curies":[{"name":"wp","href":"https:\/\/api.w.org\/{rel}","templated":true}]}}