{"id":236724,"date":"2026-07-25T20:49:07","date_gmt":"2026-07-25T20:49:07","guid":{"rendered":"https:\/\/www.europesays.com\/ee\/236724\/"},"modified":"2026-07-25T20:49:07","modified_gmt":"2026-07-25T20:49:07","slug":"schjonning-larseni-klubi-kaotas-penaltiseeria-aga-paases-edasi-jalgpall","status":"publish","type":"post","link":"https:\/\/www.europesays.com\/ee\/236724\/","title":{"rendered":"Schj\u00f6nning-Larseni klubi kaotas penaltiseeria, aga p\u00e4\u00e4ses edasi | Jalgpall"},"content":{"rendered":"<p>Michael Schj\u00f6nning-Larseni koduklubi Kilmarnock l\u00f5i \u0160otimaa liigakarika alagrupifaasis nelja m\u00e4nguga madalamate liigade vastastele ainult kaks v\u00e4ravat, aga saavutas ikkagi alagrupis esikoha.<\/p>\n<p>Laup\u00e4eval tegi Kilmarnock (k\u00f5rgliiga) 0:0 viigi Peterheadiga (tugevuselt kolmas liiga) ning kaotas penaltiseeria 4:5. Eesti koondise \u00e4\u00e4rekaitsja Schj\u00f6nning-Larsen tegi t\u00e4ism\u00e4ngu, kuid penaltil\u00f6\u00f6jate hulka ei kuulunud. \u0160otimaa liigakarika alagrupifaasis peetakse iga viigilise m\u00e4ngu j\u00e4rel penaltiseeria, mille v\u00f5itmine annab \u00fche boonuspunkti, vahendab Soccernet.ee.<\/p>\n<p>Kilmarnock kogus nelja kohtumisega \u00fcheksa punkti, v\u00e4ravate vaheks j\u00e4i 2:0. Viieliikmelistest alagruppidest p\u00e4\u00e4sevad kindlalt edasi kaheksandikfinaali ainult esikohatiimid, lisaks saavad edasi kaheksa alagrupi peale kokku kolm parimat teise koha satsi. Kilmarnock v\u00f5itis oma grupi \u00fchepunktilise paremusega Hamiltoni ja Raith Roversi ees.<\/p>\n<p>Kaheksandikfinaalpaaride loosimine toimub p\u00fchap\u00e4eval.<\/p>\n<p>Loe pikemalt portaalist Soccernet.ee.<\/p>\n","protected":false},"excerpt":{"rendered":"Michael Schj\u00f6nning-Larseni koduklubi Kilmarnock l\u00f5i \u0160otimaa liigakarika alagrupifaasis nelja m\u00e4nguga madalamate liigade vastastele ainult kaks v\u00e4ravat, aga saavutas&hellip;\n","protected":false},"author":2,"featured_media":231789,"comment_status":"","ping_status":"","sticky":false,"template":"","format":"standard","meta":{"footnotes":"","_share_on_mastodon":"0"},"categories":[18],"tags":[37,33,35,34,36,33743,19417,159,158],"class_list":["post-236724","post","type-post","status-publish","format-standard","has-post-thumbnail","category-sport","tag-ee","tag-eesti","tag-eesti-keel","tag-estonia","tag-estonian","tag-kilmarnock","tag-michael-schjonning-larsen","tag-sport","tag-sports"],"share_on_mastodon":{"url":"https:\/\/pubeurope.com\/@ee\/116982590141456466","error":""},"_links":{"self":[{"href":"https:\/\/www.europesays.com\/ee\/wp-json\/wp\/v2\/posts\/236724","targetHints":{"allow":["GET"]}}],"collection":[{"href":"https:\/\/www.europesays.com\/ee\/wp-json\/wp\/v2\/posts"}],"about":[{"href":"https:\/\/www.europesays.com\/ee\/wp-json\/wp\/v2\/types\/post"}],"author":[{"embeddable":true,"href":"https:\/\/www.europesays.com\/ee\/wp-json\/wp\/v2\/users\/2"}],"replies":[{"embeddable":true,"href":"https:\/\/www.europesays.com\/ee\/wp-json\/wp\/v2\/comments?post=236724"}],"version-history":[{"count":0,"href":"https:\/\/www.europesays.com\/ee\/wp-json\/wp\/v2\/posts\/236724\/revisions"}],"wp:featuredmedia":[{"embeddable":true,"href":"https:\/\/www.europesays.com\/ee\/wp-json\/wp\/v2\/media\/231789"}],"wp:attachment":[{"href":"https:\/\/www.europesays.com\/ee\/wp-json\/wp\/v2\/media?parent=236724"}],"wp:term":[{"taxonomy":"category","embeddable":true,"href":"https:\/\/www.europesays.com\/ee\/wp-json\/wp\/v2\/categories?post=236724"},{"taxonomy":"post_tag","embeddable":true,"href":"https:\/\/www.europesays.com\/ee\/wp-json\/wp\/v2\/tags?post=236724"}],"curies":[{"name":"wp","href":"https:\/\/api.w.org\/{rel}","templated":true}]}}