{"id":236832,"date":"2026-07-26T05:41:08","date_gmt":"2026-07-26T05:41:08","guid":{"rendered":"https:\/\/www.europesays.com\/ee\/236832\/"},"modified":"2026-07-26T05:41:08","modified_gmt":"2026-07-26T05:41:08","slug":"otse-kell-10-narva-volikogu-haaletab-linnavoimu-vahetust-eesti","status":"publish","type":"post","link":"https:\/\/www.europesays.com\/ee\/236832\/","title":{"rendered":"Otse kell 10: Narva volikogu h\u00e4\u00e4letab linnav\u00f5imu vahetust | Eesti"},"content":{"rendered":"<p>P\u00fchap\u00e4eval toimub Narva volikogu istung, mille p\u00e4evakorras on muu hulgas umbusalduse avaldamine praegusele linnapeale Katri Raigile ja volikogu esimehele Mihhail Stalnuhhinile ning uute linnajuhtide valimine.<\/p>\n<p>Kell 10 algavat volikogu istungit n\u00e4eb otsepildis ERR-i portaalis.<\/p>\n<p>Narva linnavolikogus on v\u00f5imup\u00f6\u00f6rdest r\u00e4\u00e4gitud juba alates aprillist, kuid seni tulutult. Vahepealsel ajal on Narval olnud kaks volikogu esimeest ja kaks linnapead.<\/p>\n<p>Keskerakond ja Plaan B kavatsevad p\u00fchap\u00e4eval praegused linnajuhid tagandada ja valida uueks linnapeaks Jaan Tootsi ja volikogu esimeheks Urbo Vaarmanni.<\/p>\n","protected":false},"excerpt":{"rendered":"P\u00fchap\u00e4eval toimub Narva volikogu istung, mille p\u00e4evakorras on muu hulgas umbusalduse avaldamine praegusele linnapeale Katri Raigile ja volikogu&hellip;\n","protected":false},"author":2,"featured_media":236833,"comment_status":"","ping_status":"","sticky":false,"template":"","format":"standard","meta":{"footnotes":"","_share_on_mastodon":"0"},"categories":[12],"tags":[26,27,37,33,35,34,36,31,32,21,12549,11884,28,29,12331,22317,19,25,23,24,22,13089,20,30],"class_list":["post-236832","post","type-post","status-publish","format-standard","has-post-thumbnail","category-eesti","tag-breaking-news","tag-breakingnews","tag-ee","tag-eesti","tag-eesti-keel","tag-estonia","tag-estonian","tag-featured-news","tag-featurednews","tag-headlines","tag-jaan-toots","tag-katri-raik","tag-latest-news","tag-latestnews","tag-mihhail-stalnuhhin","tag-narva-volikogu","tag-news","tag-populaarseimad-lood","tag-top-stories","tag-topstories","tag-uldised-uudised","tag-urbo-vaarmann","tag-uudised","tag-viimased-uudised"],"share_on_mastodon":{"url":"https:\/\/pubeurope.com\/@ee\/116984681966687699","error":""},"_links":{"self":[{"href":"https:\/\/www.europesays.com\/ee\/wp-json\/wp\/v2\/posts\/236832","targetHints":{"allow":["GET"]}}],"collection":[{"href":"https:\/\/www.europesays.com\/ee\/wp-json\/wp\/v2\/posts"}],"about":[{"href":"https:\/\/www.europesays.com\/ee\/wp-json\/wp\/v2\/types\/post"}],"author":[{"embeddable":true,"href":"https:\/\/www.europesays.com\/ee\/wp-json\/wp\/v2\/users\/2"}],"replies":[{"embeddable":true,"href":"https:\/\/www.europesays.com\/ee\/wp-json\/wp\/v2\/comments?post=236832"}],"version-history":[{"count":0,"href":"https:\/\/www.europesays.com\/ee\/wp-json\/wp\/v2\/posts\/236832\/revisions"}],"wp:featuredmedia":[{"embeddable":true,"href":"https:\/\/www.europesays.com\/ee\/wp-json\/wp\/v2\/media\/236833"}],"wp:attachment":[{"href":"https:\/\/www.europesays.com\/ee\/wp-json\/wp\/v2\/media?parent=236832"}],"wp:term":[{"taxonomy":"category","embeddable":true,"href":"https:\/\/www.europesays.com\/ee\/wp-json\/wp\/v2\/categories?post=236832"},{"taxonomy":"post_tag","embeddable":true,"href":"https:\/\/www.europesays.com\/ee\/wp-json\/wp\/v2\/tags?post=236832"}],"curies":[{"name":"wp","href":"https:\/\/api.w.org\/{rel}","templated":true}]}}