{"id":236834,"date":"2026-07-26T05:49:08","date_gmt":"2026-07-26T05:49:08","guid":{"rendered":"https:\/\/www.europesays.com\/ee\/236834\/"},"modified":"2026-07-26T05:49:08","modified_gmt":"2026-07-26T05:49:08","slug":"slovakkia-korgliiga-hooaja-esimeseks-varavaks-oli-poomi-kaunis-kauglook-jalgpall","status":"publish","type":"post","link":"https:\/\/www.europesays.com\/ee\/236834\/","title":{"rendered":"Slovakkia k\u00f5rgliiga hooaja esimeseks v\u00e4ravaks oli Poomi kaunis kaugl\u00f6\u00f6k | Jalgpall"},"content":{"rendered":"<p>T\u00e4ism\u00e4ngu teinud Poom sahistas v\u00f5rku 14. minutil. Tema tabamus oli terve Slovakkia k\u00f5rgliiga hooaja esimeseks v\u00e4ravaks, kirjutab <a href=\"https:\/\/soccernet.ee\/artikkel\/slovakkia-korgliiga-hooaja-esimeseks-varavaks-oli-poomi-kaunis-kauglook\" target=\"_blank\" rel=\"noopener nofollow\">Soccernet.ee<\/a>.<\/p>\n<blockquote class=\"instagram-media\" style=\"background: #FFF; border: 0; border-radius: 3px; box-shadow: 0 0 1px 0 rgba(0,0,0,0.5),0 1px 10px 0 rgba(0,0,0,0.15); margin: 1px; max-width: 540px; min-width: 326px; padding: 0; width: calc(100% - 2px);\" data-instgrm-captioned=\"\" data-instgrm-permalink=\"https:\/\/www.instagram.com\/reel\/DbOP1qJIk08\/?utm_source=ig_embed&amp;utm_campaign=loading\" data-instgrm-version=\"14\"\/>\n<p>Dimitri Jepihhin\u00a0mahtus samuti Trencini algrivistusse, tema vahetati v\u00e4lja 1:0 eduseisus 61. minutil. Kolmas Trencini eestlane\u00a0Kristo Hussar\u00a0avavoorus koosseisu ei kuulunud.<\/p>\n<p>Eelmisel hooajal sai Trencin Slovakkia k\u00f5rgliigas kaheksanda ja laup\u00e4evane vastane Komarno eelviimase, 11. koha.<\/p>\n<p><script async src=\"\/\/www.instagram.com\/embed.js\"><\/script><\/p>\n","protected":false},"excerpt":{"rendered":"T\u00e4ism\u00e4ngu teinud Poom sahistas v\u00f5rku 14. minutil. Tema tabamus oli terve Slovakkia k\u00f5rgliiga hooaja esimeseks v\u00e4ravaks, kirjutab Soccernet.ee.&hellip;\n","protected":false},"author":2,"featured_media":236835,"comment_status":"","ping_status":"","sticky":false,"template":"","format":"standard","meta":{"footnotes":"","_share_on_mastodon":"0"},"categories":[18],"tags":[916,37,33,35,34,36,6889,159,158],"class_list":["post-236834","post","type-post","status-publish","format-standard","has-post-thumbnail","category-sport","tag-dimitri-jepihhin","tag-ee","tag-eesti","tag-eesti-keel","tag-estonia","tag-estonian","tag-markus-poom","tag-sport","tag-sports"],"share_on_mastodon":{"url":"https:\/\/pubeurope.com\/@ee\/116984713125614735","error":""},"_links":{"self":[{"href":"https:\/\/www.europesays.com\/ee\/wp-json\/wp\/v2\/posts\/236834","targetHints":{"allow":["GET"]}}],"collection":[{"href":"https:\/\/www.europesays.com\/ee\/wp-json\/wp\/v2\/posts"}],"about":[{"href":"https:\/\/www.europesays.com\/ee\/wp-json\/wp\/v2\/types\/post"}],"author":[{"embeddable":true,"href":"https:\/\/www.europesays.com\/ee\/wp-json\/wp\/v2\/users\/2"}],"replies":[{"embeddable":true,"href":"https:\/\/www.europesays.com\/ee\/wp-json\/wp\/v2\/comments?post=236834"}],"version-history":[{"count":0,"href":"https:\/\/www.europesays.com\/ee\/wp-json\/wp\/v2\/posts\/236834\/revisions"}],"wp:featuredmedia":[{"embeddable":true,"href":"https:\/\/www.europesays.com\/ee\/wp-json\/wp\/v2\/media\/236835"}],"wp:attachment":[{"href":"https:\/\/www.europesays.com\/ee\/wp-json\/wp\/v2\/media?parent=236834"}],"wp:term":[{"taxonomy":"category","embeddable":true,"href":"https:\/\/www.europesays.com\/ee\/wp-json\/wp\/v2\/categories?post=236834"},{"taxonomy":"post_tag","embeddable":true,"href":"https:\/\/www.europesays.com\/ee\/wp-json\/wp\/v2\/tags?post=236834"}],"curies":[{"name":"wp","href":"https:\/\/api.w.org\/{rel}","templated":true}]}}