{"id":23684,"date":"2025-10-20T13:17:09","date_gmt":"2025-10-20T13:17:09","guid":{"rendered":"https:\/\/www.europesays.com\/ee\/23684\/"},"modified":"2025-10-20T13:17:09","modified_gmt":"2025-10-20T13:17:09","slug":"eestlane-louvrei-juurest-ajalooline-roov-vaga-emotsionaalne-maailm-postimees-ee","status":"publish","type":"post","link":"https:\/\/www.europesays.com\/ee\/23684\/","title":{"rendered":"Eestlane Louvre\u2019i juurest: ajalooline r\u00f6\u00f6v, v\u00e4ga emotsionaalne &#8211; Maailm &#8211; Postimees.ee"},"content":{"rendered":"<ol>\n<li><a href=\"https:\/\/news.google.com\/rss\/articles\/CBMinAFBVV95cUxOQllHd1VLZGtIT3hvZ29iNHJLbFhpTXVaUElxRkZ3NFhhdWNacW50OEtleG1iV1pWV3lQVnMyUWNkWXBsZWdnT3NZRVdOUHRLYTU2WW9DV3M1M0ZwLTJxc0lBSlZJMGRoVkhwS2hWOHlhV1B2elh0OUJMcVh3WnlJM3JUQ3ZzaFROaXFXbHZWTURQblkzNER4TDB0YnI?oc=5\" target=\"_blank\" rel=\"nofollow noopener\">Eestlane Louvre\u2019i juurest: ajalooline r\u00f6\u00f6v, v\u00e4ga emotsionaalne<\/a>&nbsp;&nbsp;Maailm &#8211; Postimees.ee<\/li>\n<li><a href=\"https:\/\/news.google.com\/rss\/articles\/CBMimwFBVV95cUxNNUp5Q1hDTC0tV2dZTjVzYmtMRjY2N3A4SEd1ckpOVFduTTNiblhvX05fZGFlcFdkdTQtVkwxTVRNZ0hEdmJ6cjdmMzVQb1pPVmNnNlJwcUJRRjVUTGc1bjhEcmJKVW5uZzg2ZzE1eGxPdEpQX3l5TndiX0xTc2xRQXRiWHZSd3pJWlp0dWhuYW5UVWUwLTk1NE10aw?oc=5\" target=\"_blank\" rel=\"nofollow noopener\">Meedia: Louvre&#8217;ist varastati juveele, seal hulgas Napoleoni esemeid<\/a>&nbsp;&nbsp;ERR<\/li>\n<li><a href=\"https:\/\/news.google.com\/rss\/articles\/CBMivgFBVV95cUxPRzNTbFptbEFwaUNiWi1rRWdWb0JPRTUtNHdlN0tXV1lCS283eHZhVHFQbmNDZWVPOWxreVlBQjRBcktZR1NDT004bVFhX0RqS3g5cWVxTkNnSXVwOTJ4X0NXb0JINVc2V2dYVUxNQTFZR0VQeGphdkhZTW8tVW5WaUFXMnctNUFfb1pURGdGYjJndGRSOXB2bkdUNWg0RTZhZ1hmdUl3N0ZSZVgtNUhnVkU4ZUxtNnlWYkxYeDVB?oc=5\" target=\"_blank\" rel=\"nofollow noopener\">R\u00d6\u00d6V SEITSME MINUTIGA \u27e9 Video n\u00e4itab, kuidas \u00fcks varastest Louvre\u2019is klaasvitriini l\u00f5ikab<\/a>&nbsp;&nbsp;Elu24<\/li>\n<li><a href=\"https:\/\/news.google.com\/rss\/articles\/CBMizAFBVV95cUxQM25RQTNKSDNlUFlCbExCdkxBNXNkSXdQTGhwQ3NBTGRaVmszU0xrUklQVnRVNTNWTXBpa2Iwbl9TMDgwd28xY3JTZ1lsekJ4OXFMR1VXRWRielpiSEJ3TGV1YjFkRXJnVXhGOElYc2FMcnA3MnJqTEF3dFFael9GMnVXYkJ2OVg0azdjODN5cGxaekZjSG9LOXpGNDNRZHNGeTB6ejdqemI1clZRS2E0U2pTZlljWDAwSlMyVFF3bTlraG9TV01wcENxNms?oc=5\" target=\"_blank\" rel=\"nofollow noopener\">Murdvargad viisid Louvre\u00b4ist miljonite eurode v\u00e4\u00e4rtuses juveele, muuseum on ajutiselt suletud<\/a>&nbsp;&nbsp;Delfi<\/li>\n<li><a href=\"https:\/\/news.google.com\/rss\/articles\/CBMiqwFBVV95cUxQZjAwVmJCYVVCRVVpQ1BQWjNneGJrTU1mbVZCd0ZTTnFZOWVCb2JUVFJaRlVkZ1ktVzQ0QzJoYXdyNjNtWk1OVnc1aVpDU0l6VUhEemNQcGpraE56dHI5SXdQVkcyc0JwcG4yNzB2blVCX3lrNGRoVUJFMVFPcHkwQ1FTNnBRWnBSTkUwdURPYXREME5mMjQtNXlCNVh3UDJCMUM0UWVwNjZyUWs?oc=5\" target=\"_blank\" rel=\"nofollow noopener\">TOHOH! Kuulsast Louvre&#8217;i muuseumist Pariisis r\u00f6\u00f6viti Prantsuse kroonijuveelid<\/a>&nbsp;&nbsp;\u00d5htuleht<\/li>\n<\/ol>\n","protected":false},"excerpt":{"rendered":"Eestlane Louvre\u2019i juurest: ajalooline r\u00f6\u00f6v, v\u00e4ga emotsionaalne&nbsp;&nbsp;Maailm &#8211; Postimees.ee Meedia: Louvre&#8217;ist varastati juveele, seal hulgas Napoleoni esemeid&nbsp;&nbsp;ERR R\u00d6\u00d6V&hellip;\n","protected":false},"author":2,"featured_media":23685,"comment_status":"","ping_status":"","sticky":false,"template":"","format":"standard","meta":{"footnotes":"","_share_on_mastodon":"0"},"categories":[80],"tags":[26,27,37,33,35,34,36,31,32,21,28,29,12918,95,19,25,13319,23,24,22,20,30,92,93,94],"class_list":["post-23684","post","type-post","status-publish","format-standard","has-post-thumbnail","category-maailm","tag-breaking-news","tag-breakingnews","tag-ee","tag-eesti","tag-eesti-keel","tag-estonia","tag-estonian","tag-featured-news","tag-featurednews","tag-headlines","tag-latest-news","tag-latestnews","tag-louvrei-muusuem","tag-maailm","tag-news","tag-populaarseimad-lood","tag-roov","tag-top-stories","tag-topstories","tag-uldised-uudised","tag-uudised","tag-viimased-uudised","tag-world","tag-world-news","tag-worldnews"],"share_on_mastodon":{"url":"","error":""},"_links":{"self":[{"href":"https:\/\/www.europesays.com\/ee\/wp-json\/wp\/v2\/posts\/23684","targetHints":{"allow":["GET"]}}],"collection":[{"href":"https:\/\/www.europesays.com\/ee\/wp-json\/wp\/v2\/posts"}],"about":[{"href":"https:\/\/www.europesays.com\/ee\/wp-json\/wp\/v2\/types\/post"}],"author":[{"embeddable":true,"href":"https:\/\/www.europesays.com\/ee\/wp-json\/wp\/v2\/users\/2"}],"replies":[{"embeddable":true,"href":"https:\/\/www.europesays.com\/ee\/wp-json\/wp\/v2\/comments?post=23684"}],"version-history":[{"count":0,"href":"https:\/\/www.europesays.com\/ee\/wp-json\/wp\/v2\/posts\/23684\/revisions"}],"wp:featuredmedia":[{"embeddable":true,"href":"https:\/\/www.europesays.com\/ee\/wp-json\/wp\/v2\/media\/23685"}],"wp:attachment":[{"href":"https:\/\/www.europesays.com\/ee\/wp-json\/wp\/v2\/media?parent=23684"}],"wp:term":[{"taxonomy":"category","embeddable":true,"href":"https:\/\/www.europesays.com\/ee\/wp-json\/wp\/v2\/categories?post=23684"},{"taxonomy":"post_tag","embeddable":true,"href":"https:\/\/www.europesays.com\/ee\/wp-json\/wp\/v2\/tags?post=23684"}],"curies":[{"name":"wp","href":"https:\/\/api.w.org\/{rel}","templated":true}]}}