{"id":237047,"date":"2026-07-26T12:47:14","date_gmt":"2026-07-26T12:47:14","guid":{"rendered":"https:\/\/www.europesays.com\/ee\/237047\/"},"modified":"2026-07-26T12:47:14","modified_gmt":"2026-07-26T12:47:14","slug":"tenniselootus-elizaveta-anikina-krooniti-u14-euroopa-meistriks","status":"publish","type":"post","link":"https:\/\/www.europesays.com\/ee\/237047\/","title":{"rendered":"Tenniselootus Elizaveta Anikina krooniti U14 Euroopa meistriks!"},"content":{"rendered":"<p>Anikina alistas finaalis turniiril esimesena asetatud Ukraina m\u00e4ngija Mariia Kocherzhenko 3:6, 6:3, 6:2. Seejuures ei kaotanud Anikina teel finaali viie kohtumise peale ainsatki setti.<\/p>\n<p>Anikina ja Kocherzhenko kohtusid ka 2024. aasta novembris Tallinnas, kui pidasid n\u00e4idismat\u0161i enne Mark Lajali ja Gael Monfilsi m\u00e4ngu. Tookord j\u00e4i l\u00fchendatud formaadiga m\u00e4ngus Anikina peale 5:3, 4:2.<\/p>\n<p>Anikinast sai teine Eesti tennisist, kes on v\u00f5itnud \u00fcksikm\u00e4ngus noorte Euroopa meistritiitli. Esimesena sai sellega hakkama <a rel=\"noopener nofollow\" target=\"_blank\" href=\"https:\/\/www.delfi.ee\/teema\/802\/kaia-kanepi\" tag-id=\"802\">Kaia Kanepi<\/a>, kes v\u00f5itis EM-i kuldmedali 2000. aastal U16 vanuseklassis.<\/p>\n<p>Paarism\u00e4ngus on U16 vanuseklassis tulnud Euroopa meistriks Kenneth Raisma ja Mattias Siimar (2014) ning Anett Kontaveit koos Tatjana Vorobjovaga (2011).<\/p>\n<p>Juunioride maailma edetabelis 138. kohta hoidev Anikina on esimesi samme tegemas ka naiste tennises, kuna kahel viimasel aastal on ta j\u00f5udnud Eesti meistriv\u00f5istlustel poolfinaali. J\u00e4rgmisel aastal suure t\u00f5en\u00e4osusega Anikinat Eesti meistriv\u00f5istlustel ei n\u00e4e, sest sellega samaaegselt toimub <a rel=\"noopener nofollow\" target=\"_blank\" href=\"https:\/\/www.delfi.ee\/teema\/48708565\/wimbledon\" tag-id=\"48708565\">Wimbledoni<\/a> juunioride sl\u00e4mmiturniir.<\/p>\n<p>Kuidas see lugu Sind end tundma pani? Saada <a href=\"https:\/\/sport.delfi.ee\/artikkel\/120599684\/tenniselootus-elizaveta-anikina-krooniti-u14-euroopa-meistriks\/kommentaarid\" class=\"article-body-bottom__comment article-body-bottom__comment--write button button--primary button--size-auto\" rel=\"nofollow noopener\" target=\"_blank\"> Kommenteeri <\/a><a href=\"https:\/\/sport.delfi.ee\/artikkel\/120599684\/tenniselootus-elizaveta-anikina-krooniti-u14-euroopa-meistriks\/kommentaarid\" class=\"article-body-bottom__comment article-body-bottom__comment--read button button--size-auto\" rel=\"nofollow noopener\" target=\"_blank\"> Loe kommentaare (2)<\/a><\/p>\n","protected":false},"excerpt":{"rendered":"Anikina alistas finaalis turniiril esimesena asetatud Ukraina m\u00e4ngija Mariia Kocherzhenko 3:6, 6:3, 6:2. Seejuures ei kaotanud Anikina teel&hellip;\n","protected":false},"author":2,"featured_media":237048,"comment_status":"","ping_status":"","sticky":false,"template":"","format":"standard","meta":{"footnotes":"","_share_on_mastodon":"0"},"categories":[18],"tags":[37,33,35,19075,34,36,33446,159,158,2827,6777],"class_list":["post-237047","post","type-post","status-publish","format-standard","has-post-thumbnail","category-sport","tag-ee","tag-eesti","tag-eesti-keel","tag-elizaveta-anikina","tag-estonia","tag-estonian","tag-kaia-kanepi","tag-sport","tag-sports","tag-tennis","tag-wimbledon"],"share_on_mastodon":{"url":"https:\/\/pubeurope.com\/@ee\/116986360539532260","error":""},"_links":{"self":[{"href":"https:\/\/www.europesays.com\/ee\/wp-json\/wp\/v2\/posts\/237047","targetHints":{"allow":["GET"]}}],"collection":[{"href":"https:\/\/www.europesays.com\/ee\/wp-json\/wp\/v2\/posts"}],"about":[{"href":"https:\/\/www.europesays.com\/ee\/wp-json\/wp\/v2\/types\/post"}],"author":[{"embeddable":true,"href":"https:\/\/www.europesays.com\/ee\/wp-json\/wp\/v2\/users\/2"}],"replies":[{"embeddable":true,"href":"https:\/\/www.europesays.com\/ee\/wp-json\/wp\/v2\/comments?post=237047"}],"version-history":[{"count":0,"href":"https:\/\/www.europesays.com\/ee\/wp-json\/wp\/v2\/posts\/237047\/revisions"}],"wp:featuredmedia":[{"embeddable":true,"href":"https:\/\/www.europesays.com\/ee\/wp-json\/wp\/v2\/media\/237048"}],"wp:attachment":[{"href":"https:\/\/www.europesays.com\/ee\/wp-json\/wp\/v2\/media?parent=237047"}],"wp:term":[{"taxonomy":"category","embeddable":true,"href":"https:\/\/www.europesays.com\/ee\/wp-json\/wp\/v2\/categories?post=237047"},{"taxonomy":"post_tag","embeddable":true,"href":"https:\/\/www.europesays.com\/ee\/wp-json\/wp\/v2\/tags?post=237047"}],"curies":[{"name":"wp","href":"https:\/\/api.w.org\/{rel}","templated":true}]}}