{"id":237144,"date":"2026-07-26T15:44:17","date_gmt":"2026-07-26T15:44:17","guid":{"rendered":"https:\/\/www.europesays.com\/ee\/237144\/"},"modified":"2026-07-26T15:44:17","modified_gmt":"2026-07-26T15:44:17","slug":"aastate-eest-viisaprobleemide-tottu-lahkunud-endine-paide-rundaja-leidis-eestis-uue-klubi-soccernet-ee","status":"publish","type":"post","link":"https:\/\/www.europesays.com\/ee\/237144\/","title":{"rendered":"Aastate eest viisaprobleemide t\u00f5ttu lahkunud endine Paide r\u00fcndaja leidis Eestis uue klubi &#8211; Soccernet.ee"},"content":{"rendered":"<p><img decoding=\"async\" src=\"https:\/\/www.europesays.com\/ee\/wp-content\/uploads\/2026\/07\/1785067762.jpg\" alt=\"Sekou Camara Paide Linnameeskonna s\u00e4rgis. Foto: Imre P\u00fchvel\"\/>&#13;\n<\/p>\n<p>2021. aastal Paide Linnameeskonnas m\u00e4nginud Guinea r\u00fcndaja Sekou Amadou Camara j\u00e4tkab karj\u00e4\u00e4ri Eestis, liitudes teises liigas palliva FC Placetiga.<br \/>&#13;\n<\/p>\n<p>Praegu 28-aastane Camara saabus Paidesse 2021. aasta veebruaris \u0160veitsi esiliigaklubist FC Wil. Korduvalt ka Guinea koondist esindanud m\u00e4ngumees j\u00f5udis Premium liigas kaasa teha kaheksas kohtumises, l\u00fc\u00fces kaks v\u00e4ravat ja andes kaks resultatiivset s\u00f6\u00f6tu.&#13;\n<\/p>\n<p>Tema aeg Eestis j\u00e4i aga l\u00fchikeseks. Sama aasta suvel selgus, et r\u00fcndaja oli viibinud Eestis seadusliku aluseta 42 p\u00e4eva ning pidi viisaprobleemide t\u00f5ttu riigist lahkuma. Toona tunnistas Paide Linnameeskonna tegevjuht Jaanus Pruuli, et tegemist oli nii klubi kui ka m\u00e4ngija eksimusega elamis- ja viibimis\u00f5iguse vormistamisel.&#13;\n<\/p>\n<p>&#8220;Asjaolude kokkulangemisel on toimunud nii klubi- kui m\u00e4ngijapoolne eksimus kehtivate reeglite kohta ja \u00fcritame seda lahendada. Need on tehnilised k\u00fcsimused elamis-, t\u00f6\u00f6tamisloa ja viisa taotlemise s\u00fcsteemiga. Tal oli olemas \u0160veitsi elamisluba, aga l\u00e4ksime \u00fcle 90 p\u00e4eva reeglist, mis lubab v\u00e4lismaalasel sellise dokumendi alusel viibida teise Euroopa riigi territooriumil. Tal oli kehtiv t\u00f6\u00f6tamise registreerimine ja kehtiv reisidokument, aga j\u00e4ime ise muude asjade tegemiste k\u00f5rval hiljaks, et pikendada tema viibimis\u00f5igust ja hankida talle viisa,&#8221; r\u00e4\u00e4kis Pruuli toona.\u00a0&#13;\n<\/p>\n<p>P\u00e4rast Eestist lahkumist on Camara m\u00e4nginud Maltal ja Iraagis. Tagasi Eestisse j\u00f5udes hakkab ta esindama teises liigas pallivat Placetit, kes hoiab oma liigas 16 meeskonna konkurentsis kuuendat kohta. Ka Guinea A-koondist esindanud r\u00fcndaja esindas enne Paidesse siirdumist pikalt kodumaa tippklubi Horoyat.\u00a0&#13;\n<\/p>\n<blockquote class=\"instagram-media\" data-instgrm-captioned=\"\" data-instgrm-permalink=\"https:\/\/www.instagram.com\/p\/DbPyyUFjKAo\/?utm_source=ig_embed&amp;utm_campaign=loading\" data-instgrm-version=\"14\" style=\" background:#FFF; border:0; border-radius:3px; box-shadow:0 0 1px 0 rgba(0,0,0,0.5),0 1px 10px 0 rgba(0,0,0,0.15); margin: 1px; max-width:540px; min-width:326px; padding:0; width:99.375%; width:-webkit-calc(100% - 2px); width:calc(100% - 2px);\"><p>&#13;<br \/>\n&#13;\n<\/p><\/blockquote>\n<p>          <script async src=\"\/\/www.instagram.com\/embed.js\"><\/script><\/p>\n","protected":false},"excerpt":{"rendered":"&#13; 2021. aastal Paide Linnameeskonnas m\u00e4nginud Guinea r\u00fcndaja Sekou Amadou Camara j\u00e4tkab karj\u00e4\u00e4ri Eestis, liitudes teises liigas palliva&hellip;\n","protected":false},"author":2,"featured_media":237145,"comment_status":"","ping_status":"","sticky":false,"template":"","format":"standard","meta":{"footnotes":"","_share_on_mastodon":"0"},"categories":[18],"tags":[94434,37,33,35,34,36,94435,16237,40428,907,501,94436,94437,94438,159,158,31034],"class_list":["post-237144","post","type-post","status-publish","format-standard","has-post-thumbnail","category-sport","tag-camara","tag-ee","tag-eesti","tag-eesti-keel","tag-estonia","tag-estonian","tag-fc-placet","tag-linnameeskond","tag-madalamad-liigad","tag-paide","tag-paide-linnameeskond","tag-placet","tag-sekou-amadou-camara","tag-sekou-camara","tag-sport","tag-sports","tag-teine-liiga"],"share_on_mastodon":{"url":"https:\/\/pubeurope.com\/@ee\/116987053101439879","error":""},"_links":{"self":[{"href":"https:\/\/www.europesays.com\/ee\/wp-json\/wp\/v2\/posts\/237144","targetHints":{"allow":["GET"]}}],"collection":[{"href":"https:\/\/www.europesays.com\/ee\/wp-json\/wp\/v2\/posts"}],"about":[{"href":"https:\/\/www.europesays.com\/ee\/wp-json\/wp\/v2\/types\/post"}],"author":[{"embeddable":true,"href":"https:\/\/www.europesays.com\/ee\/wp-json\/wp\/v2\/users\/2"}],"replies":[{"embeddable":true,"href":"https:\/\/www.europesays.com\/ee\/wp-json\/wp\/v2\/comments?post=237144"}],"version-history":[{"count":0,"href":"https:\/\/www.europesays.com\/ee\/wp-json\/wp\/v2\/posts\/237144\/revisions"}],"wp:featuredmedia":[{"embeddable":true,"href":"https:\/\/www.europesays.com\/ee\/wp-json\/wp\/v2\/media\/237145"}],"wp:attachment":[{"href":"https:\/\/www.europesays.com\/ee\/wp-json\/wp\/v2\/media?parent=237144"}],"wp:term":[{"taxonomy":"category","embeddable":true,"href":"https:\/\/www.europesays.com\/ee\/wp-json\/wp\/v2\/categories?post=237144"},{"taxonomy":"post_tag","embeddable":true,"href":"https:\/\/www.europesays.com\/ee\/wp-json\/wp\/v2\/tags?post=237144"}],"curies":[{"name":"wp","href":"https:\/\/api.w.org\/{rel}","templated":true}]}}