{"id":237146,"date":"2026-07-26T15:46:19","date_gmt":"2026-07-26T15:46:19","guid":{"rendered":"https:\/\/www.europesays.com\/ee\/237146\/"},"modified":"2026-07-26T15:46:19","modified_gmt":"2026-07-26T15:46:19","slug":"kurioosum-%e2%9f%a9-ta-elas-teiste-diivanitel-kuid-muutis-kogu-matemaatikat","status":"publish","type":"post","link":"https:\/\/www.europesays.com\/ee\/237146\/","title":{"rendered":"KURIOOSUM \u27e9 Ta elas teiste diivanitel, kuid muutis kogu matemaatikat"},"content":{"rendered":"<p>Paul Erd\u0151s ei ehitanud endale maja ega kogunud vara, kuid kogus hoopis midagi palju haruldasemat \u2013 tuhandeid matemaatilisi ideid ja sadu teaduskaaslasi. Ta r\u00e4ndas \u00fchest \u00fclikoolist teise, lahendas probleeme ning innustas terveid p\u00f5lvkondi matemaatikuid. Tema nimega seostatakse nii kuulsaid teoreeme kui ka omap\u00e4rast viisi m\u00f5\u00f5ta teadlaste koost\u00f6\u00f6sidemeid. Ometi oli Erd\u0151si suurim uuendus hoopis see, kuidas ta teadust tegi. Miks peetakse teda t\u00e4nap\u00e4evase matemaatilise koost\u00f6\u00f6 \u00fcheks suurimaks kujundajaks?<\/p>\n<p>Mis juhtub siis, kui teadlane loobub k\u00f5igest, mis tavaliselt seostub kindla eluga \u2013 kodust, perest, p\u00fcsivast t\u00f6\u00f6kohast \u2013 ja j\u00e4tab endale vaid paar kohvrit ning l\u00f5putu jada matemaatilisi k\u00fcsimusi? Paul Erd\u0151s tegi just niimoodi.<\/p>\n<p>Tema n\u00e4iliselt korratu r\u00e4ndurielu kujundas 20. sajandi matemaatikat s\u00fcgavamalt, kui esmapilgul paistab. Kuidas sai \u00fchest kodutust geeniusest elav \u00fclemaailmne teadusv\u00f5rgustik ja miks r\u00e4\u00e4gitakse t\u00e4naseni tema \u00abRaamatust\u00bb ja Erd\u0151si arvust?<\/p>\n","protected":false},"excerpt":{"rendered":"Paul Erd\u0151s ei ehitanud endale maja ega kogunud vara, kuid kogus hoopis midagi palju haruldasemat \u2013 tuhandeid matemaatilisi&hellip;\n","protected":false},"author":2,"featured_media":237147,"comment_status":"","ping_status":"","sticky":false,"template":"","format":"standard","meta":{"footnotes":"","_share_on_mastodon":"0"},"categories":[80],"tags":[94452,94448,94444,94447,26,27,1351,37,33,35,94446,34,36,31,32,94442,21,94445,94441,28,29,95,94440,19,94439,25,94451,94449,94443,23,24,22,20,30,94450,92,93,94],"class_list":["post-237146","post","type-post","status-publish","format-standard","has-post-thumbnail","category-maailm","tag-alfred-renyi","tag-algarvuteoreem","tag-arvuteooria","tag-bertrandi-postulaat","tag-breaking-news","tag-breakingnews","tag-budapest","tag-ee","tag-eesti","tag-eesti-keel","tag-erdosi-arv","tag-estonia","tag-estonian","tag-featured-news","tag-featurednews","tag-graafiteooria","tag-headlines","tag-juhuslik-graaf","tag-kombinatoorika","tag-latest-news","tag-latestnews","tag-maailm","tag-matemaatikute-koostoo","tag-news","tag-paul-erdos","tag-populaarseimad-lood","tag-ronald-graham","tag-selbergi-erdosi-toestus","tag-toenaosuslik-meetod","tag-top-stories","tag-topstories","tag-uldised-uudised","tag-uudised","tag-viimased-uudised","tag-wolfi-preemia","tag-world","tag-world-news","tag-worldnews"],"share_on_mastodon":{"url":"","error":"Validation failed: Text character limit of 500 exceeded"},"_links":{"self":[{"href":"https:\/\/www.europesays.com\/ee\/wp-json\/wp\/v2\/posts\/237146","targetHints":{"allow":["GET"]}}],"collection":[{"href":"https:\/\/www.europesays.com\/ee\/wp-json\/wp\/v2\/posts"}],"about":[{"href":"https:\/\/www.europesays.com\/ee\/wp-json\/wp\/v2\/types\/post"}],"author":[{"embeddable":true,"href":"https:\/\/www.europesays.com\/ee\/wp-json\/wp\/v2\/users\/2"}],"replies":[{"embeddable":true,"href":"https:\/\/www.europesays.com\/ee\/wp-json\/wp\/v2\/comments?post=237146"}],"version-history":[{"count":0,"href":"https:\/\/www.europesays.com\/ee\/wp-json\/wp\/v2\/posts\/237146\/revisions"}],"wp:featuredmedia":[{"embeddable":true,"href":"https:\/\/www.europesays.com\/ee\/wp-json\/wp\/v2\/media\/237147"}],"wp:attachment":[{"href":"https:\/\/www.europesays.com\/ee\/wp-json\/wp\/v2\/media?parent=237146"}],"wp:term":[{"taxonomy":"category","embeddable":true,"href":"https:\/\/www.europesays.com\/ee\/wp-json\/wp\/v2\/categories?post=237146"},{"taxonomy":"post_tag","embeddable":true,"href":"https:\/\/www.europesays.com\/ee\/wp-json\/wp\/v2\/tags?post=237146"}],"curies":[{"name":"wp","href":"https:\/\/api.w.org\/{rel}","templated":true}]}}