{"id":237159,"date":"2026-07-26T16:28:06","date_gmt":"2026-07-26T16:28:06","guid":{"rendered":"https:\/\/www.europesays.com\/ee\/237159\/"},"modified":"2026-07-26T16:28:06","modified_gmt":"2026-07-26T16:28:06","slug":"otepaa-triatlon-toob-stardijoonele-ule-600-sportlase","status":"publish","type":"post","link":"https:\/\/www.europesays.com\/ee\/237159\/","title":{"rendered":"Otep\u00e4\u00e4 triatlon toob stardijoonele \u00fcle 600 sportlase"},"content":{"rendered":"<p>Otep\u00e4\u00e4 aedlinn ja selle \u00fcmbrus t\u00e4ituvad n\u00e4dalavahetusel sadade triatleetidega, kui Otep\u00e4\u00e4 triatlon toob starti rekordilised 642 osalejat. Lisaks Eesti paremikule panevad end proovile ka v\u00e4lisv\u00f5istlejad ning p\u00f5hidistantsil on stardis mitu tuntud avaliku elu tegelast.<\/p>\n<p>26.juulil toimub Otep\u00e4\u00e4 aedlinnas ja selle \u00fcmbruses Otep\u00e4\u00e4 triatlon, kuhu on registreerunud rekordiliselt 555 individuaalv\u00f5istlejat ja 29 v\u00f5istkonda ehk \u00fchtekokku 642 triatleeti.<\/p>\n","protected":false},"excerpt":{"rendered":"Otep\u00e4\u00e4 aedlinn ja selle \u00fcmbrus t\u00e4ituvad n\u00e4dalavahetusel sadade triatleetidega, kui Otep\u00e4\u00e4 triatlon toob starti rekordilised 642 osalejat. Lisaks&hellip;\n","protected":false},"author":2,"featured_media":237160,"comment_status":"","ping_status":"","sticky":false,"template":"","format":"standard","meta":{"footnotes":"","_share_on_mastodon":"0"},"categories":[18],"tags":[37,33,35,34,36,1316,94456,159,158],"class_list":["post-237159","post","type-post","status-publish","format-standard","has-post-thumbnail","category-sport","tag-ee","tag-eesti","tag-eesti-keel","tag-estonia","tag-estonian","tag-otepaa","tag-otepaa-triatlon","tag-sport","tag-sports"],"share_on_mastodon":{"url":"https:\/\/pubeurope.com\/@ee\/116987226109735555","error":""},"_links":{"self":[{"href":"https:\/\/www.europesays.com\/ee\/wp-json\/wp\/v2\/posts\/237159","targetHints":{"allow":["GET"]}}],"collection":[{"href":"https:\/\/www.europesays.com\/ee\/wp-json\/wp\/v2\/posts"}],"about":[{"href":"https:\/\/www.europesays.com\/ee\/wp-json\/wp\/v2\/types\/post"}],"author":[{"embeddable":true,"href":"https:\/\/www.europesays.com\/ee\/wp-json\/wp\/v2\/users\/2"}],"replies":[{"embeddable":true,"href":"https:\/\/www.europesays.com\/ee\/wp-json\/wp\/v2\/comments?post=237159"}],"version-history":[{"count":0,"href":"https:\/\/www.europesays.com\/ee\/wp-json\/wp\/v2\/posts\/237159\/revisions"}],"wp:featuredmedia":[{"embeddable":true,"href":"https:\/\/www.europesays.com\/ee\/wp-json\/wp\/v2\/media\/237160"}],"wp:attachment":[{"href":"https:\/\/www.europesays.com\/ee\/wp-json\/wp\/v2\/media?parent=237159"}],"wp:term":[{"taxonomy":"category","embeddable":true,"href":"https:\/\/www.europesays.com\/ee\/wp-json\/wp\/v2\/categories?post=237159"},{"taxonomy":"post_tag","embeddable":true,"href":"https:\/\/www.europesays.com\/ee\/wp-json\/wp\/v2\/tags?post=237159"}],"curies":[{"name":"wp","href":"https:\/\/api.w.org\/{rel}","templated":true}]}}