{"id":237187,"date":"2026-07-26T17:16:10","date_gmt":"2026-07-26T17:16:10","guid":{"rendered":"https:\/\/www.europesays.com\/ee\/237187\/"},"modified":"2026-07-26T17:16:10","modified_gmt":"2026-07-26T17:16:10","slug":"rasmus-magi-ma-ei-nae-varianti-et-teen-suve-jooksul-mone-stardi-kergejoustik","status":"publish","type":"post","link":"https:\/\/www.europesays.com\/ee\/237187\/","title":{"rendered":"Rasmus M\u00e4gi: ma ei n\u00e4e varianti, et teen suve jooksul m\u00f5ne stardi | Kergej\u00f5ustik"},"content":{"rendered":"<p>T\u00f5kkejooksja Rasmus M\u00e4gi r\u00e4\u00e4kis P\u00e4rnus toimunud kergej\u00f5ustiku Eesti meistriv\u00f5istlustel, et sel hooajal teda v\u00f5istlemas ei n\u00e4e. Samas sportlaskarj\u00e4\u00e4ri l\u00f5petamist M\u00e4gi veel t\u00f5siselt ei kaalu.<\/p>\n<p>Rasmus, kui hea oli <a href=\"https:\/\/sport.err.ee\/1610086858\/hambidge-ohustas-tokkejooksus-eesti-rekordit\" target=\"_blank\" rel=\"noopener nofollow\">Viola [Hambidge] jooks<\/a> treeneri pilgu l\u00e4bi?<\/p>\n<p>Nii palju kui vaheaegu olen vaadanud, siis pigem \u00fctleks, et \u00fcks kiiremaid sel hooajal. \u00dches teises kiirema algusega jooksus ta kustus l\u00f5pus \u00e4ra. T\u00e4nane jooks kandis teda h\u00e4sti. V\u00f5ib-olla viimasel t\u00f5kkel sattus liiga elevile ja sealt k\u00f5ige paremini maha ei tulnud ning kaotas natukene hea hoo, aga ma arvan, et pigem v\u00e4ga korralik jooks.<\/p>\n<p>Kas sa ootasid paremat tulemust v\u00f5i l\u00e4ks k\u00f5ik plaanip\u00e4raselt?<\/p>\n<p>R\u00fctmiliselt l\u00e4ks kindlasti plaanip\u00e4raselt. Paar v\u00e4ikest detaili toovad j\u00e4lle uue arenguh\u00fcppe. Usun, et temas on veel paremad ajad sees olemas, aga t\u00e4na, EM-i silmas pidades, oli vajalik \u00fcks selline hea jooks \u00e4ra teha. Loodame, et Viola astus sellega suure sammu EM-i suunas ja saame seal olla veel paremad ja kiiremad.<\/p>\n<p>Kas ma saan \u00f5igesti aru, et Viola p\u00e4\u00e4semine EM-ile peaks olema kindel?<\/p>\n<p>Viola poolt on k\u00f5ik tehtud. T\u00e4nasega l\u00e4hevad nimekirjad lukkud ja hakatakse punkte arvutama. S\u00f5ltub natukene konkurentide t\u00e4nastest sooritustest. Teame, kes on ohtlikud nimed, kellel parasjagu meistriv\u00f5istlused toimuvad. Ma arvan, et t\u00e4na \u00f5htuks on pilt kindlasti p\u00e4ris palju selgem.<\/p>\n<p>Rasmus, ma ei saa k\u00fcsimata j\u00e4tta: paljud kergej\u00f5ustikus\u00f5brad ootasid, et sa hakkaksid sel hooajal uuesti v\u00f5istlema. Kas t\u00e4na tuleb meil t\u00f5deda, et see lootus ei t\u00e4itu?<\/p>\n<p>T\u00e4na ilmselgelt ma ei v\u00f5istle ja pigem ei n\u00e4e ka varianti, et teen selle suve jooksul m\u00f5ne stardi. Ajad on olnud p\u00e4ris kiired. Meie enda treeninggrupp on kasvanud ja kuidagi on enda asjad j\u00e4\u00e4nud tagaplaanile. Paraku on viimasest p\u00f6ia murest taastumine kujunenud pikemaks kui ma esialgu lootsin. Need on hetkeseisuga need p\u00f5hjused, aga \u00fchtegi l\u00f5plikku avaldust ma t\u00e4na kindlasti valmis tegema ei ole.<\/p>\n<p>Kui n\u00fc\u00fcd see hooaeg j\u00e4\u00e4b ka vahele ja kokkuv\u00f5ttes kaks aastat vahele, kas see on juba liiga pikk paus, et tippsporti tagasi tulla?<\/p>\n<p>See on kindlasti pikk paus. Tase on j\u00e4tkuvalt k\u00f5rge. Kui ise j\u00e4\u00e4d vanemaks, siis loomulikult muutub katsumus suuremaks. Ma v\u00f5tan endale mingisuguse m\u00f5tlemisaja ja proovin aru saada, kuidas keha reageerib v\u00f5i kas n\u00e4en m\u00f5tet, et proovida veel m\u00f5nda aastat tippspordis.<\/p>\n<p>Kas sind hoiab v\u00f5istlusrajalt eemal pigem see, et kui tagasi tuled, siis tahaksid tulla samale tasemele, kus sa olid enne pausi? V\u00f5i sa oled n\u00f5us leppima esialgu v\u00e4hemaga?<\/p>\n<p>Ei ole n\u00f5us leppima v\u00e4hemaga. V\u00f5ib-olla k\u00f5ige raskem minu enda jaoks ja k\u00f5ige suurem pettumus Pariisi ol\u00fcmpiam\u00e4ngude j\u00e4rel oli see, et lootsin, et tingimuste m\u00f5ttes saan teha veel sammu l\u00e4hemale tippudele. Mingisugused ootused v\u00f5i unistused, mis mul on olnud seoses ettevalmistusega. Paraku neid realiseerida ei \u00f5nnestunud. See tippspordi rong, ja kui kiiresti see s\u00f5idab, see on v\u00e4ga halastamatu. Sellep\u00e4rast ongi viimase aasta jooksul olnud lihtsam panustada teiste tegemistesse, kes v\u00f5ib-olla veel nii k\u00f5rgel tasmele ei ole, kellega on v\u00f5imalik k\u00e4ep\u00e4rasemate tingimuste v\u00f5i lahendustega hakkama saada.<\/p>\n<p>Suur ait\u00e4h!<\/p>\n","protected":false},"excerpt":{"rendered":"T\u00f5kkejooksja Rasmus M\u00e4gi r\u00e4\u00e4kis P\u00e4rnus toimunud kergej\u00f5ustiku Eesti meistriv\u00f5istlustel, et sel hooajal teda v\u00f5istlemas ei n\u00e4e. Samas sportlaskarj\u00e4\u00e4ri&hellip;\n","protected":false},"author":2,"featured_media":237188,"comment_status":"","ping_status":"","sticky":false,"template":"","format":"standard","meta":{"footnotes":"","_share_on_mastodon":"0"},"categories":[5],"tags":[26,27,37,33,35,34,36,31,32,21,93946,28,29,19,25,1172,23,24,22,20,30],"class_list":["post-237187","post","type-post","status-publish","format-standard","has-post-thumbnail","category-uldised-uudised","tag-breaking-news","tag-breakingnews","tag-ee","tag-eesti","tag-eesti-keel","tag-estonia","tag-estonian","tag-featured-news","tag-featurednews","tag-headlines","tag-kergejoustiku-eesti-meistrivoistlused","tag-latest-news","tag-latestnews","tag-news","tag-populaarseimad-lood","tag-rasmus-magi","tag-top-stories","tag-topstories","tag-uldised-uudised","tag-uudised","tag-viimased-uudised"],"share_on_mastodon":{"url":"https:\/\/pubeurope.com\/@ee\/116987414907987846","error":""},"_links":{"self":[{"href":"https:\/\/www.europesays.com\/ee\/wp-json\/wp\/v2\/posts\/237187","targetHints":{"allow":["GET"]}}],"collection":[{"href":"https:\/\/www.europesays.com\/ee\/wp-json\/wp\/v2\/posts"}],"about":[{"href":"https:\/\/www.europesays.com\/ee\/wp-json\/wp\/v2\/types\/post"}],"author":[{"embeddable":true,"href":"https:\/\/www.europesays.com\/ee\/wp-json\/wp\/v2\/users\/2"}],"replies":[{"embeddable":true,"href":"https:\/\/www.europesays.com\/ee\/wp-json\/wp\/v2\/comments?post=237187"}],"version-history":[{"count":0,"href":"https:\/\/www.europesays.com\/ee\/wp-json\/wp\/v2\/posts\/237187\/revisions"}],"wp:featuredmedia":[{"embeddable":true,"href":"https:\/\/www.europesays.com\/ee\/wp-json\/wp\/v2\/media\/237188"}],"wp:attachment":[{"href":"https:\/\/www.europesays.com\/ee\/wp-json\/wp\/v2\/media?parent=237187"}],"wp:term":[{"taxonomy":"category","embeddable":true,"href":"https:\/\/www.europesays.com\/ee\/wp-json\/wp\/v2\/categories?post=237187"},{"taxonomy":"post_tag","embeddable":true,"href":"https:\/\/www.europesays.com\/ee\/wp-json\/wp\/v2\/tags?post=237187"}],"curies":[{"name":"wp","href":"https:\/\/api.w.org\/{rel}","templated":true}]}}