{"id":237254,"date":"2026-07-26T19:15:31","date_gmt":"2026-07-26T19:15:31","guid":{"rendered":"https:\/\/www.europesays.com\/ee\/237254\/"},"modified":"2026-07-26T19:15:31","modified_gmt":"2026-07-26T19:15:31","slug":"johker-kuritegu-itaalia-spordiajakirjanik-tapeti-ja-poletati","status":"publish","type":"post","link":"https:\/\/www.europesays.com\/ee\/237254\/","title":{"rendered":"J\u00f5hker kuritegu: Itaalia spordiajakirjanik tapeti ja p\u00f5letati"},"content":{"rendered":"<p>Esposito surnukeha leiti eelmise n\u00e4dala p\u00fchap\u00e4eval L\u00f5una-Itaalias asuva Salerno linna l\u00e4hedalt \u00fchelt p\u00f5llult, kui p\u00e4\u00e4stet\u00f6\u00f6tajad olid saanud tulekahju t\u00f5ttu v\u00e4ljakutse. S\u00fcndmuskohalt leiti Esposito s\u00f6estunud surnukeha, mille tuvastamine oli esialgu v\u00f5imatu. Uurijad tegid hukkunu kindlaks s\u00fcndmuskohale majaj\u00e4etud auto j\u00e4rgi.<\/p>\n<p>Esposito kadumisest teatati laup\u00e4eva \u00f5htul, kuna ta ei vastanud s\u00f5prade k\u00f5nedele. R\u00fcnnak leidis aset enne s\u00fcda\u00f6\u00f6d. Esposito surnukehale tehti lahkamine, mille k\u00e4igus j\u00f5uti j\u00e4reldusele, et mees oli enne p\u00f5lema panemist suure t\u00f5en\u00e4osusega elus. Lahkamisel tuvastati surnukehal ka mitmeid luumurde.<\/p>\n<p>Itaalia ajalehe Il Fatto Quotidiano andmetel tunnistas end Esposito m\u00f5rvas s\u00fc\u00fcdi 26-aastane Tuneesia mees, kes viibis riigis ilma loata. Kohalikud v\u00f5imud vahistasid mehe \u00f6\u00f6l vastu laup\u00e4eva.<\/p>\n<p>M\u00f5rvari s\u00f5rmej\u00e4ljed klappisid nendega, mis leiti kuriteopaigast ja Esposito valgest Lancia s\u00f5iduautost. Samuti olid Tuneesia mehe k\u00e4es ajakirjaniku telefon ja krediitkaart. Itaalia meedia andmetel tundsid ohver ja tapja teineteist juba varasemast ajast ning olid m\u00f5rva\u00f5htuks kokku leppinud kohtumise. Kahe mehe vahel puhkes t\u00fcli, mille k\u00e4igus l\u00f5i tuneeslane Espositot korduvalt ja tekitas talle mitmeid luumurde. Seej\u00e4rel s\u00fc\u00fctas ta teadvusetu mehe okste, teki ja plastmassit\u00fckkide abil p\u00f5lema.<\/p>\n<p>Tapetud mees oli Itaalia jalgpalliklubi Salernitana 1919 kirglik f\u00e4nn ja haldas muuhulgas klubi \u00fcht populaarseimat f\u00e4nnilehte. Samuti t\u00f6\u00f6tas Esposito kohaliku v\u00e4ljaande La Citt\u00e0 di Salerno spordikolumnistina ning telekaneli OttoChannel TV eksperdina. Eelk\u00f5ige kajastas Esposito Itaalia tugevuselt teise jalgpalliliiga Serie B m\u00e4nge.<\/p>\n<p>Rahvusvaheline Ajakirjanike F\u00f6deratsioon (IFJ) ja Euroopa Ajakirjanike F\u00f6deratsioon (EFJ) kutsuvad Itaalia v\u00f5ime \u00fcles uurima, kas m\u00f5rv on seotud Esposito ajakirjandusliku t\u00f6\u00f6ga. Koletu teo on teiste seas hukka m\u00f5istnud ka UNESCO peadirektor Khaled El-Enany, kes soovib samuti selgust, kas mehe surm on seotud tema ajakirjaniku t\u00f6\u00f6ga.<\/p>\n<p>Kuidas see lugu Sind end tundma pani? Saada <a href=\"https:\/\/sport.delfi.ee\/artikkel\/120599651\/johker-kuritegu-itaalias-spordiajakirjanik-tapeti-ja-poletati\/kommentaarid\" class=\"article-body-bottom__comment article-body-bottom__comment--write button button--primary button--size-auto\" rel=\"nofollow noopener\" target=\"_blank\"> Kommenteeri <\/a><a href=\"https:\/\/sport.delfi.ee\/artikkel\/120599651\/johker-kuritegu-itaalias-spordiajakirjanik-tapeti-ja-poletati\/kommentaarid\" class=\"article-body-bottom__comment article-body-bottom__comment--read button button--size-auto\" rel=\"nofollow noopener\" target=\"_blank\"> Loe kommentaare (35)<\/a><\/p>\n","protected":false},"excerpt":{"rendered":"Esposito surnukeha leiti eelmise n\u00e4dala p\u00fchap\u00e4eval L\u00f5una-Itaalias asuva Salerno linna l\u00e4hedalt \u00fchelt p\u00f5llult, kui p\u00e4\u00e4stet\u00f6\u00f6tajad olid saanud tulekahju&hellip;\n","protected":false},"author":2,"featured_media":237255,"comment_status":"","ping_status":"","sticky":false,"template":"","format":"standard","meta":{"footnotes":"","_share_on_mastodon":"0"},"categories":[80],"tags":[26,27,37,33,35,34,36,31,32,21,28,29,95,2052,19,25,92791,23,24,22,20,30,92,93,94],"class_list":["post-237254","post","type-post","status-publish","format-standard","has-post-thumbnail","category-maailm","tag-breaking-news","tag-breakingnews","tag-ee","tag-eesti","tag-eesti-keel","tag-estonia","tag-estonian","tag-featured-news","tag-featurednews","tag-headlines","tag-latest-news","tag-latestnews","tag-maailm","tag-morv","tag-news","tag-populaarseimad-lood","tag-spordiajakirjandus","tag-top-stories","tag-topstories","tag-uldised-uudised","tag-uudised","tag-viimased-uudised","tag-world","tag-world-news","tag-worldnews"],"share_on_mastodon":{"url":"https:\/\/pubeurope.com\/@ee\/116987882772871417","error":""},"_links":{"self":[{"href":"https:\/\/www.europesays.com\/ee\/wp-json\/wp\/v2\/posts\/237254","targetHints":{"allow":["GET"]}}],"collection":[{"href":"https:\/\/www.europesays.com\/ee\/wp-json\/wp\/v2\/posts"}],"about":[{"href":"https:\/\/www.europesays.com\/ee\/wp-json\/wp\/v2\/types\/post"}],"author":[{"embeddable":true,"href":"https:\/\/www.europesays.com\/ee\/wp-json\/wp\/v2\/users\/2"}],"replies":[{"embeddable":true,"href":"https:\/\/www.europesays.com\/ee\/wp-json\/wp\/v2\/comments?post=237254"}],"version-history":[{"count":0,"href":"https:\/\/www.europesays.com\/ee\/wp-json\/wp\/v2\/posts\/237254\/revisions"}],"wp:featuredmedia":[{"embeddable":true,"href":"https:\/\/www.europesays.com\/ee\/wp-json\/wp\/v2\/media\/237255"}],"wp:attachment":[{"href":"https:\/\/www.europesays.com\/ee\/wp-json\/wp\/v2\/media?parent=237254"}],"wp:term":[{"taxonomy":"category","embeddable":true,"href":"https:\/\/www.europesays.com\/ee\/wp-json\/wp\/v2\/categories?post=237254"},{"taxonomy":"post_tag","embeddable":true,"href":"https:\/\/www.europesays.com\/ee\/wp-json\/wp\/v2\/tags?post=237254"}],"curies":[{"name":"wp","href":"https:\/\/api.w.org\/{rel}","templated":true}]}}