{"id":237337,"date":"2026-07-26T23:48:08","date_gmt":"2026-07-26T23:48:08","guid":{"rendered":"https:\/\/www.europesays.com\/ee\/237337\/"},"modified":"2026-07-26T23:48:08","modified_gmt":"2026-07-26T23:48:08","slug":"balti-riikide-olumpiakomiteed-moistavad-rok-i-otsuse-uhiselt-hukka-3","status":"publish","type":"post","link":"https:\/\/www.europesays.com\/ee\/237337\/","title":{"rendered":"Balti riikide ol\u00fcmpiakomiteed m\u00f5istavad ROK-i otsuse \u00fchiselt hukka"},"content":{"rendered":"<p>&#13;<br \/>\n                                Eesti, L\u00e4ti ja Leedu ol\u00fcmpiakomitee seisavad koos Ukraina Rahvusliku Ol\u00fcmpiakomiteega ausa ja reeglitep\u00f5hise m\u00e4ngu ja ol\u00fcmpialiikumise v\u00e4\u00e4rtuste eest ning neli riiki teevad \u00fchist koost\u00f6\u00f6d selle nimel, et kaitsta sportlaste huve, toetada nende arengut ning edendada vastastikust austust rahvusvahelise spordis.\u00a0<\/p>\n<p>\u201eEesti, L\u00e4ti ja Leedu ol\u00fcmpiakomiteed m\u00f5istavad \u00fchiselt hukka Rahvusvahelise Ol\u00fcmpiakomitee (ROK) otsuse lubada Venemaa ja Valgevene tagasi rahvusvahelisele spordiareenile. Loodame, et rahvusvahelised alaliidud ja Euroopa Liit teevad k\u00f5ik endast oleneva, et Venemaa sportlased niipea rahvusvahelistele v\u00f5istlustele ei naaseks, eriti mitte oma lipu ja s\u00fcmboolika all,\u201c \u00fctles Eesti Ol\u00fcmpiakomitee president Erich Teigam\u00e4gi p\u00e4rast kohtumist L\u00e4ti Ol\u00fcmpiakomitee presidendi Raimonds Lazdinsi ja Leedu Ol\u00fcmpiakomitee presidendi Daina Gudzinevi\u010di\u016bt\u0117ga.<\/p>\n<p>Balti riikide ol\u00fcmpiakomiteede juhid kohtusid 23. juulil Riias, kus arutati \u00fchist koost\u00f6\u00f6d ja selle tugevdamist Balti riikide ol\u00fcmpialiikumistes. Muu hulgas arutati Balti riikide ja Ukraina seisukohta ROK-i hiljutiste otsuste valguses. \u00a0<\/p>\n<p>Balti riigid ja Ukraina: vastutus ei tohi langeda sportlastele<\/p>\n<p>Nii Ukraina Ol\u00fcmpiakomitee president Vad\u00f5m Gutzeit kui ka Balti ol\u00fcmpialiikumiste presidendid olid \u00fchel n\u00f5ul, et kujunenud olukorras ei tohi vastutust l\u00fckata kohalikele alaliitudele v\u00f5i \u00fcksikutele sportlastele.<\/p>\n<p>Kui sportlased on sunnitud koos venelaste v\u00f5i valgevenelastega v\u00f5istlemisest keelduma, isoleerib see neid \u00fchtlasi rahvusvahelisest spordikogukonnast, j\u00e4tab ilma vajalikust v\u00f5istluskogemusest ning ei kaitse pikas plaanis \u00fchegi demokraatliku riigi huve. \u00a0<\/p>\n<p>\u201eSelline lahendus ei ole j\u00e4tkusuutlik. Kui sportlased on sunnitud v\u00f5istlemisest loobuma, laseme agressoril kehtestada reegleid ning kingime talle sellega veel \u00fche v\u00f5idu. Seet\u00f5ttu soovitame oma sportlastel j\u00e4tkata v\u00f5istlemist ja v\u00f5itmist. Eesti, L\u00e4ti ja Leedu ei luba j\u00e4tkuvalt Venemaa ega Valgevene esindajatel oma riiki siseneda ning peame j\u00e4tkuvalt valeks ka seda, et meie sportlased l\u00e4heksid v\u00f5istlema Venemaale v\u00f5i Valgevenesse,\u201c \u00fctles Eesti Ol\u00fcmpiakomitee president Erich Teigam\u00e4gi.<\/p>\n<p>Ukrainast saab Los Angelese ol\u00fcmpiam\u00e4ngudel Balti maja auk\u00fclaline\u00a0<\/p>\n<p>Lisaks oli kohtumisel arutelu all 2028. aasta Los Angelese ol\u00fcmpiam\u00e4ngude ajal avatava Balti Maja kontseptsioon, mis on kolme riigi \u00fchine esindus- ja kohtumispaik ol\u00fcmpialinnas.<\/p>\n<p>Balti majas tutvustatakse Balti riike, korraldatakse \u00fchiseid s\u00fcndmusi ning v\u00f5\u00f5rustatakse sportlasi, koost\u00f6\u00f6partnereid ja k\u00fclalisi. Kolme riigi kokkuleppel otsustati kutsuda Ukraina Balti maja auk\u00fclaliseks, mis omakorda aitab Ukrainal r\u00e4\u00e4kida oma lugu rahvusvahelisel spordiareenil. \u00a0\u00a0<\/p>\n<p>Kohtumisel k\u00e4sitleti ka Ukraina noortekoondise ettevalmistusi s\u00fcgisel toimuvateks Dakari noorte ol\u00fcmpiam\u00e4ngudeks. L\u00e4ti Ol\u00fcmpiakomitee president Raimonds Lazdins andis Ukraina suursaatkonna esindajale \u00fcle malaariavastased ravimid, mis toimetatakse edasi Ukrainasse. Ravimid on Eesti, L\u00e4ti ja Leedu \u00fchine \u017eest, mida rahastas Baltic Restaurants L\u00e4ti. \u00a0\u00a0<\/p>\n","protected":false},"excerpt":{"rendered":"&#13; Eesti, L\u00e4ti ja Leedu ol\u00fcmpiakomitee seisavad koos Ukraina Rahvusliku Ol\u00fcmpiakomiteega ausa ja reeglitep\u00f5hise m\u00e4ngu ja ol\u00fcmpialiikumise v\u00e4\u00e4rtuste&hellip;\n","protected":false},"author":2,"featured_media":237338,"comment_status":"","ping_status":"","sticky":false,"template":"","format":"standard","meta":{"footnotes":"","_share_on_mastodon":"0"},"categories":[18],"tags":[2332,37,33,35,34,36,11336,159,158,262],"class_list":["post-237337","post","type-post","status-publish","format-standard","has-post-thumbnail","category-sport","tag-balti-riigid","tag-ee","tag-eesti","tag-eesti-keel","tag-estonia","tag-estonian","tag-olumpiakomitee","tag-sport","tag-sports","tag-ukraina"],"share_on_mastodon":{"url":"https:\/\/pubeurope.com\/@ee\/116988956155285107","error":""},"_links":{"self":[{"href":"https:\/\/www.europesays.com\/ee\/wp-json\/wp\/v2\/posts\/237337","targetHints":{"allow":["GET"]}}],"collection":[{"href":"https:\/\/www.europesays.com\/ee\/wp-json\/wp\/v2\/posts"}],"about":[{"href":"https:\/\/www.europesays.com\/ee\/wp-json\/wp\/v2\/types\/post"}],"author":[{"embeddable":true,"href":"https:\/\/www.europesays.com\/ee\/wp-json\/wp\/v2\/users\/2"}],"replies":[{"embeddable":true,"href":"https:\/\/www.europesays.com\/ee\/wp-json\/wp\/v2\/comments?post=237337"}],"version-history":[{"count":0,"href":"https:\/\/www.europesays.com\/ee\/wp-json\/wp\/v2\/posts\/237337\/revisions"}],"wp:featuredmedia":[{"embeddable":true,"href":"https:\/\/www.europesays.com\/ee\/wp-json\/wp\/v2\/media\/237338"}],"wp:attachment":[{"href":"https:\/\/www.europesays.com\/ee\/wp-json\/wp\/v2\/media?parent=237337"}],"wp:term":[{"taxonomy":"category","embeddable":true,"href":"https:\/\/www.europesays.com\/ee\/wp-json\/wp\/v2\/categories?post=237337"},{"taxonomy":"post_tag","embeddable":true,"href":"https:\/\/www.europesays.com\/ee\/wp-json\/wp\/v2\/tags?post=237337"}],"curies":[{"name":"wp","href":"https:\/\/api.w.org\/{rel}","templated":true}]}}