{"id":237396,"date":"2026-07-27T05:07:10","date_gmt":"2026-07-27T05:07:10","guid":{"rendered":"https:\/\/www.europesays.com\/ee\/237396\/"},"modified":"2026-07-27T05:07:10","modified_gmt":"2026-07-27T05:07:10","slug":"galerii-%e2%9f%a9-otepaa-triatlon-toi-stardijoonele-ule-600-sportlase","status":"publish","type":"post","link":"https:\/\/www.europesays.com\/ee\/237396\/","title":{"rendered":"GALERII \u27e9 Otep\u00e4\u00e4 triatlon t\u00f5i stardijoonele \u00fcle 600 sportlase"},"content":{"rendered":"<p>Otep\u00e4\u00e4 triatlon t\u00f5i rajale rekordilise arvu osalejaid ning p\u00f5hidistantsil kirjutasid end v\u00f5itjate nimekirja Cevin Anders Siim ja Kaisa Rahu, kellele v\u00f5it t\u00e4histas esimest t\u00e4iskasvanute \u00fcldesikohta karj\u00e4\u00e4ris. Kokku osales v\u00f5istlusp\u00e4eval enam kui 600 sportlast Eestist ja v\u00e4lismaalt.<\/p>\n<p class=\"PDq2pG_selectionAnchorContainer\">Otep\u00e4\u00e4le omasel n\u00f5udlikul ja k\u00fcnklikul rajal tuli p\u00f5hidistantsi osalejatel l\u00e4bida 1,5 kilomeetrit ujumist, 40 kilomeetrit rattas\u00f5itu ja 10 kilomeetrit jooksu.<\/p>\n","protected":false},"excerpt":{"rendered":"Otep\u00e4\u00e4 triatlon t\u00f5i rajale rekordilise arvu osalejaid ning p\u00f5hidistantsil kirjutasid end v\u00f5itjate nimekirja Cevin Anders Siim ja Kaisa&hellip;\n","protected":false},"author":2,"featured_media":237397,"comment_status":"","ping_status":"","sticky":false,"template":"","format":"standard","meta":{"footnotes":"","_share_on_mastodon":"0"},"categories":[18],"tags":[37,33,35,34,36,1316,94456,159,158],"class_list":["post-237396","post","type-post","status-publish","format-standard","has-post-thumbnail","category-sport","tag-ee","tag-eesti","tag-eesti-keel","tag-estonia","tag-estonian","tag-otepaa","tag-otepaa-triatlon","tag-sport","tag-sports"],"share_on_mastodon":{"url":"https:\/\/pubeurope.com\/@ee\/116990210657714305","error":""},"_links":{"self":[{"href":"https:\/\/www.europesays.com\/ee\/wp-json\/wp\/v2\/posts\/237396","targetHints":{"allow":["GET"]}}],"collection":[{"href":"https:\/\/www.europesays.com\/ee\/wp-json\/wp\/v2\/posts"}],"about":[{"href":"https:\/\/www.europesays.com\/ee\/wp-json\/wp\/v2\/types\/post"}],"author":[{"embeddable":true,"href":"https:\/\/www.europesays.com\/ee\/wp-json\/wp\/v2\/users\/2"}],"replies":[{"embeddable":true,"href":"https:\/\/www.europesays.com\/ee\/wp-json\/wp\/v2\/comments?post=237396"}],"version-history":[{"count":0,"href":"https:\/\/www.europesays.com\/ee\/wp-json\/wp\/v2\/posts\/237396\/revisions"}],"wp:featuredmedia":[{"embeddable":true,"href":"https:\/\/www.europesays.com\/ee\/wp-json\/wp\/v2\/media\/237397"}],"wp:attachment":[{"href":"https:\/\/www.europesays.com\/ee\/wp-json\/wp\/v2\/media?parent=237396"}],"wp:term":[{"taxonomy":"category","embeddable":true,"href":"https:\/\/www.europesays.com\/ee\/wp-json\/wp\/v2\/categories?post=237396"},{"taxonomy":"post_tag","embeddable":true,"href":"https:\/\/www.europesays.com\/ee\/wp-json\/wp\/v2\/tags?post=237396"}],"curies":[{"name":"wp","href":"https:\/\/api.w.org\/{rel}","templated":true}]}}