{"id":237404,"date":"2026-07-27T05:22:10","date_gmt":"2026-07-27T05:22:10","guid":{"rendered":"https:\/\/www.europesays.com\/ee\/237404\/"},"modified":"2026-07-27T05:22:10","modified_gmt":"2026-07-27T05:22:10","slug":"ilmateade-madalrohkkond-toob-esmaspaeval-eestisse-aikese-ja-tugevad-vihmahood-maaleht","status":"publish","type":"post","link":"https:\/\/www.europesays.com\/ee\/237404\/","title":{"rendered":"ILMATEADE | Madalr\u00f5hkkond toob esmasp\u00e4eval Eestisse \u00e4ikese ja tugevad vihmahood &#8211; Maaleht"},"content":{"rendered":"<ol>\n<li><a href=\"https:\/\/news.google.com\/rss\/articles\/CBMivgFBVV95cUxPbmVkeE1saU1PNjhnaDl4MXotMldsS0hrMkhTUk9TdFc0eDF4Y1lmN2N6U0VWc01FamRJSlJSNFNBM2wwYmV0LW1KbXRFd2h4UWM3dDB1QjRNQ0ZzTktOSU92QTZPX2NkQ2Jpbkl1dHFEOG1ha0lOUGNwUnNucWowZUptb0U4UEF6eENuNmd4SzRaWWdiNXlJVGdWazVkNlpKMUpyYVBLTl85NFlTQUxvZllUTkMwamxqWFdwVXJB?oc=5\" target=\"_blank\" rel=\"nofollow noopener\">ILMATEADE | Madalr\u00f5hkkond toob esmasp\u00e4eval Eestisse \u00e4ikese ja tugevad vihmahood<\/a>&nbsp;&nbsp;Maaleht<\/li>\n<li><a href=\"https:\/\/news.google.com\/rss\/articles\/CBMiP0FVX3lxTE1sUmpLTkJjR1lBTVVzTlJzVlRYbVp6UEtRcGhMRE03UzZsQnJ5bGpvSU5LN25PcFozN3BWRVdSSQ?oc=5\" target=\"_blank\" rel=\"nofollow noopener\">Jim Carrey leinab filmi \u201eThe Mask\u201c re\u017eiss\u00f6\u00f6ri Chuck Russellit<\/a>&nbsp;&nbsp;Uudis.net<\/li>\n<li><a href=\"https:\/\/news.google.com\/rss\/articles\/CBMilAFBVV95cUxOV3lJSHRMS25NTW5TLVRwRHBvamVZbm9LRWZZY0FueW00VjdFT0NuRUdsUnJVLVhRY0NkLTlDTDdaYjVCb2U3OVZGYjhCa0VrQjd0aERNWmdJZFZ0UVUzblpPUW9ielcxcG1YSGhvSEk3MWZtcGJzX2plbThZTW9UZ0tmM2pTaEZwM0ZoWnJXN1dIVVFO?oc=5\" target=\"_blank\" rel=\"nofollow noopener\">Hoovihma on oodata ka p\u00fchap\u00e4eval, v\u00f5ib esineda \u00e4ikest<\/a>&nbsp;&nbsp;Ilmajaam<\/li>\n<li><a href=\"https:\/\/news.google.com\/rss\/articles\/CBMirwFBVV95cUxPZVVGeV9lZ3l6VjNlNkdtZWxOWlFvNkRadE9CSENJX1lERk5yYURXOTdPX2szVFZweW1OU25iUWwyRldEMXRLM3R1UGNKRFp6TDg5UmNQcHlvWmVydzhMZnE2LW9zZVBwQXFRdzdqNW5qcWdCZGJkc2RxSjdPLUF6ck9PNlJJbHVobk15OTIxTkRWbUZRMHN5YksxaVY5LUUyc2FWZk9ZcXd0bEliTkEw?oc=5\" target=\"_blank\" rel=\"nofollow noopener\">ILMATEADE | P\u00fchap\u00e4ev pakub suvesooja ja sekka ka \u00fcksikuid vihmahooge<\/a>&nbsp;&nbsp;Maaleht<\/li>\n<li><a href=\"https:\/\/news.google.com\/rss\/articles\/CBMiP0FVX3lxTFBNMmY5WldqN3VyVEVUMlRCWjZhejRqTjRKTi1yekQwUVVLS250clVlUUE4M2pGSzJIZWtUV0ZfRQ?oc=5\" target=\"_blank\" rel=\"nofollow noopener\">P\u00fchap\u00e4eval tuleb hoovihma, kuid on palav<\/a>&nbsp;&nbsp;Uudis.net<\/li>\n<\/ol>\n","protected":false},"excerpt":{"rendered":"ILMATEADE | Madalr\u00f5hkkond toob esmasp\u00e4eval Eestisse \u00e4ikese ja tugevad vihmahood&nbsp;&nbsp;Maaleht Jim Carrey leinab filmi \u201eThe Mask\u201c re\u017eiss\u00f6\u00f6ri Chuck&hellip;\n","protected":false},"author":2,"featured_media":237405,"comment_status":"","ping_status":"","sticky":false,"template":"","format":"standard","meta":{"footnotes":"","_share_on_mastodon":"0"},"categories":[5],"tags":[26,27,37,33,35,34,36,31,32,21,668,3963,28,29,19,25,23,24,22,20,30],"class_list":["post-237404","post","type-post","status-publish","format-standard","has-post-thumbnail","category-uldised-uudised","tag-breaking-news","tag-breakingnews","tag-ee","tag-eesti","tag-eesti-keel","tag-estonia","tag-estonian","tag-featured-news","tag-featurednews","tag-headlines","tag-ilm","tag-ilmateade","tag-latest-news","tag-latestnews","tag-news","tag-populaarseimad-lood","tag-top-stories","tag-topstories","tag-uldised-uudised","tag-uudised","tag-viimased-uudised"],"share_on_mastodon":{"url":"https:\/\/pubeurope.com\/@ee\/116990269553343059","error":""},"_links":{"self":[{"href":"https:\/\/www.europesays.com\/ee\/wp-json\/wp\/v2\/posts\/237404","targetHints":{"allow":["GET"]}}],"collection":[{"href":"https:\/\/www.europesays.com\/ee\/wp-json\/wp\/v2\/posts"}],"about":[{"href":"https:\/\/www.europesays.com\/ee\/wp-json\/wp\/v2\/types\/post"}],"author":[{"embeddable":true,"href":"https:\/\/www.europesays.com\/ee\/wp-json\/wp\/v2\/users\/2"}],"replies":[{"embeddable":true,"href":"https:\/\/www.europesays.com\/ee\/wp-json\/wp\/v2\/comments?post=237404"}],"version-history":[{"count":0,"href":"https:\/\/www.europesays.com\/ee\/wp-json\/wp\/v2\/posts\/237404\/revisions"}],"wp:featuredmedia":[{"embeddable":true,"href":"https:\/\/www.europesays.com\/ee\/wp-json\/wp\/v2\/media\/237405"}],"wp:attachment":[{"href":"https:\/\/www.europesays.com\/ee\/wp-json\/wp\/v2\/media?parent=237404"}],"wp:term":[{"taxonomy":"category","embeddable":true,"href":"https:\/\/www.europesays.com\/ee\/wp-json\/wp\/v2\/categories?post=237404"},{"taxonomy":"post_tag","embeddable":true,"href":"https:\/\/www.europesays.com\/ee\/wp-json\/wp\/v2\/tags?post=237404"}],"curies":[{"name":"wp","href":"https:\/\/api.w.org\/{rel}","templated":true}]}}