{"id":237410,"date":"2026-07-27T05:31:07","date_gmt":"2026-07-27T05:31:07","guid":{"rendered":"https:\/\/www.europesays.com\/ee\/237410\/"},"modified":"2026-07-27T05:31:07","modified_gmt":"2026-07-27T05:31:07","slug":"putin-ukraina-kaotab-kindlasti-oma-laanealad-sest-ainult-venemaa-oli-tema-terviklikkuse-garant","status":"publish","type":"post","link":"https:\/\/www.europesays.com\/ee\/237410\/","title":{"rendered":"Putin: Ukraina kaotab kindlasti oma l\u00e4\u00e4nealad, sest ainult Venemaa oli tema terviklikkuse garant"},"content":{"rendered":"<p>\u201eMa olen kindel, et varem v\u00f5i hiljem kaotab Ukraina need l\u00e4\u00e4nepoolsed maad, ja see, mis <a rel=\"noopener nofollow\" target=\"_blank\" href=\"https:\/\/www.delfi.ee\/teema\/23754953\/poola\" tag-id=\"23754953\">Poolale<\/a> kuulus ja <a rel=\"noopener nofollow\" target=\"_blank\" href=\"https:\/\/www.delfi.ee\/teema\/31826709\/ungari\" tag-id=\"31826709\">Ungarile<\/a> kuulus, <a rel=\"noopener nofollow\" target=\"_blank\" href=\"https:\/\/www.delfi.ee\/teema\/23849151\/rumeenia\" tag-id=\"23849151\">Rumeeniale<\/a> kuulus, varem v\u00f5i hiljem, mitte homme, v\u00f5ib-olla \u00fclehomme, aasta, kahe 10, 15 p\u00e4rast, aga k\u00f5ik asetub ajalooliselt oma kohale. On olnud ainult \u00fcks Ukraina territoriaalse terviklikkuse garant \u2013 Venemaa,\u201c teatas Putin eile <a rel=\"noopener nofollow\" target=\"_blank\" href=\"https:\/\/www.delfi.ee\/teema\/26007553\/peterburi\" tag-id=\"26007553\">Peterburis<\/a> Venemaa merev\u00e4e juhtidega kohtudes.<\/p>\n<p>\u201eNad pidasid vajalikuks, v\u00f5imalikuks ja enda jaoks heaks kuulutada Venemaa vaenlaseks ja venelased kuulutada Ukrainas mittenimirahvuseks, mis on hoopis jama ja koera sonimine,\u201c lisas Putin. \u201eAga nad on seda teinud, langetanud ametliku otsuse, et venelased Ukrainas ei ole nimirahvus. No tere, j\u00f5udsime kohale, aga mis see siis on? Aga jumal nendega.\u201c<\/p>\n<p>\u201e\u00dcRO harta on t\u00e4nap\u00e4evase rahvusvahelise \u00f5iguse alus. Loodi teatud reeglid. Ja hiljem, kui N\u00f5ukogude Liit lammutati, \u00fcks \u00dcRO asutajariik, \u00fcks \u00dcRO-le aluse pannud riik ja selle rahvusvahelise \u00f5iguse, rahvusvaheliste suhete s\u00fcsteemi looja lakkas olemast. Ja k\u00fclma s\u00f5ja niinimetatud v\u00f5itjad, mitte ainult USA ja kogu kollektiivne l\u00e4\u00e4s otsustasid \u00e4kki, et tuleb midagi parandada \u2013 miks see Venemaa, kes ei ole enam N\u00f5ukogude Liit, kes kaotas teada olnud potentsiaali, peab omama selliseid h\u00fcvesid nagu Teise maailmas\u00f5ja v\u00f5itjariik. Ja hakkasid parandama,\u201c r\u00e4\u00e4kis Putin.<\/p>\n<p>Putin meenutas edasi s\u00fcndmusi <a rel=\"noopener nofollow\" target=\"_blank\" href=\"https:\/\/www.delfi.ee\/teema\/25934143\/jugoslaavia\" tag-id=\"25934143\">Jugoslaavias<\/a>, mis tema s\u00f5nul oli <a rel=\"noopener nofollow\" target=\"_blank\" href=\"https:\/\/www.delfi.ee\/teema\/56815880\/serbia\" tag-id=\"56815880\">serbia<\/a> rahva jagamine erinevatesse rahvuslikesse korteritesse. Putini s\u00f5nul langetati otsused, mis ei vasta kuidagi \u00dcRO hartale.<\/p>\n<p>\u201eNad lasid lihtsalt d\u017einni pudelist v\u00e4lja. Lisaks sellele lubati meile, Mihhail Sergejevit\u0161 Gorbat\u0161ovile, et <a rel=\"noopener nofollow\" target=\"_blank\" href=\"https:\/\/www.delfi.ee\/teema\/24581263\/nato\" tag-id=\"24581263\">NATO<\/a>-t ei hakata laiendama, aga on toimunud \u00fcks laienemine teise j\u00e4rel ja meie arvukatele protestidele taheti s\u00fclitada, k\u00f5igile oma lubadustele ja Vene F\u00f6deratsiooni julgeolekuhuvidele. Nihutati, nihutati, j\u00f5uti Ukrainani,\u201c kurtis Putin.<\/p>\n<p>Putin teatas, et ei kahtle sekundikski, et \u201es\u00f5jaline erioperatsioon\u201c l\u00f5peb Venemaa v\u00f5iduga.<\/p>\n<p>\u201eNii saab olema, pole kahtlust. Mul ei ole sekundikski kahtlust,\u201c lausus Putin.<\/p>\n<p>Samuti r\u00e4\u00e4kis Putin Vene rahva \u00fchtsusest.<\/p>\n<p>\u201eMeil l\u00f5peb s\u00f5jaline erioperatsioon ja see l\u00f5peb varem v\u00f5i hiljem kindlasti, aga meil tuleb see kvaliteet, see \u00fchtsustunne s\u00e4ilitada,\u201c \u00fctles Putin.<\/p>\n<p>Kuidas see lugu Sind end tundma pani? Saada <a href=\"https:\/\/www.delfi.ee\/artikkel\/120599749\/putin-ukraina-kaotab-kindlasti-oma-laanealad-sest-ainult-venemaa-oli-tema-terviklikkuse-garant\/kommentaarid\" class=\"article-body-bottom__comment article-body-bottom__comment--write button button--primary button--size-auto\" rel=\"nofollow noopener\" target=\"_blank\"> Kommenteeri <\/a><a href=\"https:\/\/www.delfi.ee\/artikkel\/120599749\/putin-ukraina-kaotab-kindlasti-oma-laanealad-sest-ainult-venemaa-oli-tema-terviklikkuse-garant\/kommentaarid\" class=\"article-body-bottom__comment article-body-bottom__comment--read button button--size-auto\" rel=\"nofollow noopener\" target=\"_blank\"> Loe kommentaare (12)<\/a><\/p>\n","protected":false},"excerpt":{"rendered":"\u201eMa olen kindel, et varem v\u00f5i hiljem kaotab Ukraina need l\u00e4\u00e4nepoolsed maad, ja see, mis Poolale kuulus ja&hellip;\n","protected":false},"author":2,"featured_media":237411,"comment_status":"","ping_status":"","sticky":false,"template":"","format":"standard","meta":{"footnotes":"","_share_on_mastodon":"0"},"categories":[80],"tags":[26,27,37,33,35,34,36,31,32,21,19337,28,29,95,1855,54,19,431,939,111,25,1945,3822,107,660,23,24,262,22,118,795,325,20,96,30,661,92,93,94],"class_list":["post-237410","post","type-post","status-publish","format-standard","has-post-thumbnail","category-maailm","tag-breaking-news","tag-breakingnews","tag-ee","tag-eesti","tag-eesti-keel","tag-estonia","tag-estonian","tag-featured-news","tag-featurednews","tag-headlines","tag-jugoslaavia","tag-latest-news","tag-latestnews","tag-maailm","tag-mihhail-gorbatsov","tag-nato","tag-news","tag-noukogude-liit","tag-peterburi","tag-poola","tag-populaarseimad-lood","tag-rumeenia","tag-serbia","tag-soda-ukrainas","tag-suurbritannia","tag-top-stories","tag-topstories","tag-ukraina","tag-uldised-uudised","tag-ungari","tag-uro","tag-usa","tag-uudised","tag-venemaa","tag-viimased-uudised","tag-vladimir-putin","tag-world","tag-world-news","tag-worldnews"],"share_on_mastodon":{"url":"","error":"Validation failed: Text character limit of 500 exceeded"},"_links":{"self":[{"href":"https:\/\/www.europesays.com\/ee\/wp-json\/wp\/v2\/posts\/237410","targetHints":{"allow":["GET"]}}],"collection":[{"href":"https:\/\/www.europesays.com\/ee\/wp-json\/wp\/v2\/posts"}],"about":[{"href":"https:\/\/www.europesays.com\/ee\/wp-json\/wp\/v2\/types\/post"}],"author":[{"embeddable":true,"href":"https:\/\/www.europesays.com\/ee\/wp-json\/wp\/v2\/users\/2"}],"replies":[{"embeddable":true,"href":"https:\/\/www.europesays.com\/ee\/wp-json\/wp\/v2\/comments?post=237410"}],"version-history":[{"count":0,"href":"https:\/\/www.europesays.com\/ee\/wp-json\/wp\/v2\/posts\/237410\/revisions"}],"wp:featuredmedia":[{"embeddable":true,"href":"https:\/\/www.europesays.com\/ee\/wp-json\/wp\/v2\/media\/237411"}],"wp:attachment":[{"href":"https:\/\/www.europesays.com\/ee\/wp-json\/wp\/v2\/media?parent=237410"}],"wp:term":[{"taxonomy":"category","embeddable":true,"href":"https:\/\/www.europesays.com\/ee\/wp-json\/wp\/v2\/categories?post=237410"},{"taxonomy":"post_tag","embeddable":true,"href":"https:\/\/www.europesays.com\/ee\/wp-json\/wp\/v2\/tags?post=237410"}],"curies":[{"name":"wp","href":"https:\/\/api.w.org\/{rel}","templated":true}]}}