{"id":237450,"date":"2026-07-27T06:23:10","date_gmt":"2026-07-27T06:23:10","guid":{"rendered":"https:\/\/www.europesays.com\/ee\/237450\/"},"modified":"2026-07-27T06:23:10","modified_gmt":"2026-07-27T06:23:10","slug":"video-%e2%9f%a9-toivo-freeman-pilt-vallutab-taiwani-moelava-eesti-lippu-nahes-laks-silm-marjaks","status":"publish","type":"post","link":"https:\/\/www.europesays.com\/ee\/237450\/","title":{"rendered":"VIDEO \u27e9 Toivo Freeman Pilt vallutab Taiwani moelava: Eesti lippu n\u00e4hes l\u00e4ks silm m\u00e4rjaks"},"content":{"rendered":"<p>Veebruaris Milano moen\u00e4dalal oma loomingut esitlenud kunstnik ja disainer Toivo Freeman Pilt on n\u00fc\u00fcd j\u00f5udnud Taiwan Fashion Weekile. Kogu Euroopast valiti mainekale moe\u00fcritusele vaid neli disainerit ning \u00fcheks neist osutus eestlane, kelle kollektsioonist on juba enne moeetendusi pool m\u00fc\u00fcdud.<\/p>\n<p>Aasta alguses algas Toivo Freeman Pildi jaoks Milano moen\u00e4dal v\u00e4rvikalt.<\/p>\n","protected":false},"excerpt":{"rendered":"Veebruaris Milano moen\u00e4dalal oma loomingut esitlenud kunstnik ja disainer Toivo Freeman Pilt on n\u00fc\u00fcd j\u00f5udnud Taiwan Fashion Weekile.&hellip;\n","protected":false},"author":2,"featured_media":237451,"comment_status":"","ping_status":"","sticky":false,"template":"","format":"standard","meta":{"footnotes":"","_share_on_mastodon":"0"},"categories":[16],"tags":[94544,24219,37,33,35,8335,173,34,36,59042,5670,140,94542,3336,1174,94543,5395],"class_list":["post-237450","post","type-post","status-publish","format-standard","has-post-thumbnail","category-meelelahutus","tag-aasia-turg","tag-disainer","tag-ee","tag-eesti","tag-eesti-keel","tag-eesti-mood","tag-entertainment","tag-estonia","tag-estonian","tag-kollektsioon","tag-kunstnik","tag-meelelahutus","tag-milano-moenadal","tag-moenadal","tag-taiwan","tag-taiwan-fashion-week","tag-toivo-freeman-pilt"],"share_on_mastodon":{"url":"https:\/\/pubeurope.com\/@ee\/116990509417968057","error":""},"_links":{"self":[{"href":"https:\/\/www.europesays.com\/ee\/wp-json\/wp\/v2\/posts\/237450","targetHints":{"allow":["GET"]}}],"collection":[{"href":"https:\/\/www.europesays.com\/ee\/wp-json\/wp\/v2\/posts"}],"about":[{"href":"https:\/\/www.europesays.com\/ee\/wp-json\/wp\/v2\/types\/post"}],"author":[{"embeddable":true,"href":"https:\/\/www.europesays.com\/ee\/wp-json\/wp\/v2\/users\/2"}],"replies":[{"embeddable":true,"href":"https:\/\/www.europesays.com\/ee\/wp-json\/wp\/v2\/comments?post=237450"}],"version-history":[{"count":0,"href":"https:\/\/www.europesays.com\/ee\/wp-json\/wp\/v2\/posts\/237450\/revisions"}],"wp:featuredmedia":[{"embeddable":true,"href":"https:\/\/www.europesays.com\/ee\/wp-json\/wp\/v2\/media\/237451"}],"wp:attachment":[{"href":"https:\/\/www.europesays.com\/ee\/wp-json\/wp\/v2\/media?parent=237450"}],"wp:term":[{"taxonomy":"category","embeddable":true,"href":"https:\/\/www.europesays.com\/ee\/wp-json\/wp\/v2\/categories?post=237450"},{"taxonomy":"post_tag","embeddable":true,"href":"https:\/\/www.europesays.com\/ee\/wp-json\/wp\/v2\/tags?post=237450"}],"curies":[{"name":"wp","href":"https:\/\/api.w.org\/{rel}","templated":true}]}}