{"id":237529,"date":"2026-07-27T07:42:07","date_gmt":"2026-07-27T07:42:07","guid":{"rendered":"https:\/\/www.europesays.com\/ee\/237529\/"},"modified":"2026-07-27T07:42:07","modified_gmt":"2026-07-27T07:42:07","slug":"merz-ja-macron-otsivad-lahendusi-euroopa-autotoostuse-toetamiseks-valismaa","status":"publish","type":"post","link":"https:\/\/www.europesays.com\/ee\/237529\/","title":{"rendered":"Merz ja Macron otsivad lahendusi Euroopa autot\u00f6\u00f6stuse toetamiseks | V\u00e4lismaa"},"content":{"rendered":"<p>Veebiv\u00e4ljaanne Politico kirjutab, et Friedrich Merz ja Emmanuel Macron p\u00fc\u00fcavad taas k\u00e4ivitada Saksamaa ja Prantsusmaa koost\u00f6\u00f6 mootorit ning soovivad s\u00f5lmida kokkuleppe, mis tugevdaks Euroopa t\u00f6\u00f6stust ja parandaks autot\u00f6\u00f6stuse konkurentsiv\u00f5imet.<\/p>\n<p>Kavandatav lepe \u00fchendaks m\u00f5lema riigi huvid. Saksamaa asuks toetama &#8220;Made in Europe&#8221; strateegiat, mis annaks Euroopa ettev\u00f5tetele suurema eelise riigihangetel ja toetuste jagamisel ning piiraks kolmandate riikide ligip\u00e4\u00e4su nendele programmidele.<\/p>\n<p>Vastutasuks oleks Prantsusmaa valmis leevendama Euroopa Liidu plaani l\u00f5petada alates 2035. aastast uute sisep\u00f5lemismootoriga autode m\u00fc\u00fck. Seda plaani on pikka aega kritiseerinud Saksamaa autot\u00f6\u00f6stus, mis seisab silmitsi s\u00fcvenevate probleemidega.<\/p>\n<p>&#8220;Meile on antud \u00fclesandeks nendel teemadel s\u00f5lmida terviklik kokkulepe. Oleks suurep\u00e4rane, kui s\u00fcgisel kokkulepe saavutataks. Olen kindel, et saaksime ka teisi riike, n\u00e4iteks Itaalia, kaasata. K\u00f5ik riigid ootavad Prantsuse-Saksa kokkulepet,&#8221; \u00fctles Prantsusmaa t\u00f6\u00f6stusminister S\u00e9bastien Martin <a href=\"https:\/\/www.politico.eu\/article\/france-german-deal-eu-auto-industry-made-in-europe\/\" target=\"_blank\" rel=\"noopener nofollow\">Politicole<\/a>.<\/p>\n<p>Kaks k\u00f5rget Saksa ametnikku kinnitasid, et pakti \u00fcle peetakse k\u00f5nelusi. M\u00f5lema riigi ametnikud siiski r\u00f5hutasid, et l\u00e4bir\u00e4\u00e4kimised on alles algusj\u00e4rgus ning t\u00e4psed tingimused pole veel paika pandud. L\u00f5pliku kokkuleppe saavutamiseks peavad m\u00f5lemad pooled t\u00f5en\u00e4oliselt tegema t\u00e4iendavaid j\u00e4releandmisi.<\/p>\n<p>L\u00e4bir\u00e4\u00e4kimised toimuvad ajal, mil Saksamaa autot\u00f6\u00f6stus seisab silmitsi t\u00f5siste raskustega. Volkswagen hoiatas hiljuti, et v\u00f5ib kogu maailmas koondada kuni 100 000 t\u00f6\u00f6tajat.<\/p>\n<p>K\u00f5nelusi m\u00f5jutab veel poliitiline ebakindlus. Pariis ja Berliin peavad arvestama v\u00f5imalusega, et parempopulistide liider Marine Le Pen v\u00f5ib j\u00e4rgmisel aastal v\u00f5tta \u00fcle Prantsusmaa juhtimise. See v\u00f5ib aga raskendada koost\u00f6\u00f6d Euroopa Liidu tasandil.<\/p>\n","protected":false},"excerpt":{"rendered":"Veebiv\u00e4ljaanne Politico kirjutab, et Friedrich Merz ja Emmanuel Macron p\u00fc\u00fcavad taas k\u00e4ivitada Saksamaa ja Prantsusmaa koost\u00f6\u00f6 mootorit ning&hellip;\n","protected":false},"author":2,"featured_media":237530,"comment_status":"","ping_status":"","sticky":false,"template":"","format":"standard","meta":{"footnotes":"","_share_on_mastodon":"0"},"categories":[14],"tags":[131,2135,130,37,33,35,2194,34,36,1142,52,51],"class_list":["post-237529","post","type-post","status-publish","format-standard","has-post-thumbnail","category-ari","tag-ari","tag-autotoostus","tag-business","tag-ee","tag-eesti","tag-eesti-keel","tag-emmanuel-macron","tag-estonia","tag-estonian","tag-friedrich-merz","tag-prantsusmaa","tag-saksamaa"],"share_on_mastodon":{"url":"https:\/\/pubeurope.com\/@ee\/116990819966891769","error":""},"_links":{"self":[{"href":"https:\/\/www.europesays.com\/ee\/wp-json\/wp\/v2\/posts\/237529","targetHints":{"allow":["GET"]}}],"collection":[{"href":"https:\/\/www.europesays.com\/ee\/wp-json\/wp\/v2\/posts"}],"about":[{"href":"https:\/\/www.europesays.com\/ee\/wp-json\/wp\/v2\/types\/post"}],"author":[{"embeddable":true,"href":"https:\/\/www.europesays.com\/ee\/wp-json\/wp\/v2\/users\/2"}],"replies":[{"embeddable":true,"href":"https:\/\/www.europesays.com\/ee\/wp-json\/wp\/v2\/comments?post=237529"}],"version-history":[{"count":0,"href":"https:\/\/www.europesays.com\/ee\/wp-json\/wp\/v2\/posts\/237529\/revisions"}],"wp:featuredmedia":[{"embeddable":true,"href":"https:\/\/www.europesays.com\/ee\/wp-json\/wp\/v2\/media\/237530"}],"wp:attachment":[{"href":"https:\/\/www.europesays.com\/ee\/wp-json\/wp\/v2\/media?parent=237529"}],"wp:term":[{"taxonomy":"category","embeddable":true,"href":"https:\/\/www.europesays.com\/ee\/wp-json\/wp\/v2\/categories?post=237529"},{"taxonomy":"post_tag","embeddable":true,"href":"https:\/\/www.europesays.com\/ee\/wp-json\/wp\/v2\/tags?post=237529"}],"curies":[{"name":"wp","href":"https:\/\/api.w.org\/{rel}","templated":true}]}}