{"id":237640,"date":"2026-07-27T09:34:29","date_gmt":"2026-07-27T09:34:29","guid":{"rendered":"https:\/\/www.europesays.com\/ee\/237640\/"},"modified":"2026-07-27T09:34:29","modified_gmt":"2026-07-27T09:34:29","slug":"endine-aasta-treener-taivo-magi-pohjustas-raskes-joobes-liiklusonnetuse","status":"publish","type":"post","link":"https:\/\/www.europesays.com\/ee\/237640\/","title":{"rendered":"Endine aasta treener Taivo M\u00e4gi p\u00f5hjustas raskes joobes liiklus\u00f5nnetuse"},"content":{"rendered":"<p class=\"MsoNormal\">Poolteise n\u00e4dala eest teatati liiklus\u00f5nnetusest Valgamaal K\u00e4\u00e4riku k\u00fclas, kus juht s\u00f5itis autoga teelt v\u00e4lja vastu puud. Politsei teatel tuvastati 65-aastasel mehel raske alkoholijoove ning kiirabi viis ta haiglasse. Roolis oli 2014. aastal Eesti aasta treeneriks valitud Taivo M\u00e4gi.<\/p>\n<p class=\"MsoNormal\">2000. aastast Tartu \u00dclikooli Akadeemilise Spordiklubis kergej\u00f5ustikutreenerina tegutsenud M\u00e4gi esitas klubile lahkumisavalduse.<\/p>\n","protected":false},"excerpt":{"rendered":"Poolteise n\u00e4dala eest teatati liiklus\u00f5nnetusest Valgamaal K\u00e4\u00e4riku k\u00fclas, kus juht s\u00f5itis autoga teelt v\u00e4lja vastu puud. Politsei teatel&hellip;\n","protected":false},"author":2,"featured_media":237641,"comment_status":"","ping_status":"","sticky":false,"template":"","format":"standard","meta":{"footnotes":"","_share_on_mastodon":"0"},"categories":[18],"tags":[16651,37,33,35,13690,494,34,36,1172,159,158,16650,22954],"class_list":["post-237640","post","type-post","status-publish","format-standard","has-post-thumbnail","category-sport","tag-anne-magi","tag-ee","tag-eesti","tag-eesti-keel","tag-eesti-kergejoustikuliit","tag-eesti-olumpiakomitee","tag-estonia","tag-estonian","tag-rasmus-magi","tag-sport","tag-sports","tag-taivo-magi","tag-tartu-ulikooli-akadeemiline-spordiklubi"],"share_on_mastodon":{"url":"https:\/\/pubeurope.com\/@ee\/116991260480604258","error":""},"_links":{"self":[{"href":"https:\/\/www.europesays.com\/ee\/wp-json\/wp\/v2\/posts\/237640","targetHints":{"allow":["GET"]}}],"collection":[{"href":"https:\/\/www.europesays.com\/ee\/wp-json\/wp\/v2\/posts"}],"about":[{"href":"https:\/\/www.europesays.com\/ee\/wp-json\/wp\/v2\/types\/post"}],"author":[{"embeddable":true,"href":"https:\/\/www.europesays.com\/ee\/wp-json\/wp\/v2\/users\/2"}],"replies":[{"embeddable":true,"href":"https:\/\/www.europesays.com\/ee\/wp-json\/wp\/v2\/comments?post=237640"}],"version-history":[{"count":0,"href":"https:\/\/www.europesays.com\/ee\/wp-json\/wp\/v2\/posts\/237640\/revisions"}],"wp:featuredmedia":[{"embeddable":true,"href":"https:\/\/www.europesays.com\/ee\/wp-json\/wp\/v2\/media\/237641"}],"wp:attachment":[{"href":"https:\/\/www.europesays.com\/ee\/wp-json\/wp\/v2\/media?parent=237640"}],"wp:term":[{"taxonomy":"category","embeddable":true,"href":"https:\/\/www.europesays.com\/ee\/wp-json\/wp\/v2\/categories?post=237640"},{"taxonomy":"post_tag","embeddable":true,"href":"https:\/\/www.europesays.com\/ee\/wp-json\/wp\/v2\/tags?post=237640"}],"curies":[{"name":"wp","href":"https:\/\/api.w.org\/{rel}","templated":true}]}}