{"id":237928,"date":"2026-07-27T14:22:11","date_gmt":"2026-07-27T14:22:11","guid":{"rendered":"https:\/\/www.europesays.com\/ee\/237928\/"},"modified":"2026-07-27T14:22:11","modified_gmt":"2026-07-27T14:22:11","slug":"mina-pole-kedagi-ahvardanud-seda-saab-kinnitada-ka-mu-morsja-beebiloust-esines-erauritusel-purjuspai","status":"publish","type":"post","link":"https:\/\/www.europesays.com\/ee\/237928\/","title":{"rendered":"\u201eMina pole kedagi \u00e4hvardanud, seda saab kinnitada ka mu m\u00f5rsja.\u201c Beebil\u00f5ust esines era\u00fcritusel purjusp\u00e4i"},"content":{"rendered":"<p>Esmakordselt BMW E46 autoklubiga suvep\u00e4evi korraldanud Brigita Kahre pettus n\u00e4dalavahetusel artist Beebil\u00f5ustas, kelle ta enda \u00fcritusele esinema kutsus. <\/p>\n<p>\u201e\u00dcritus oli muidu v\u00e4ga tore, kui v\u00e4lja j\u00e4tta ebameeldiv kogemus artistiga,\u201c kurtis Kahre Kroonikale. \u201eBeebil\u00f5ust, p\u00e4risnimega Andrus Elbing, k\u00fcsis esinemise eest kokku 850\u20ac. Ta tuli kohale hilinedes ning l\u00e4ks end v\u00e4lja magama, kuna oli umbjoobes. Esinemise ajal unustas s\u00f5nu, lasi k\u00fclastajatel laulda, viskas mikrofoni jne,\u201c kirjeldas pettunud \u00fcrituse korraldaja ootamatut olukorda.<\/p>\n<p>Oled juba tellija?Logi sisse<\/p>\n<p><a href=\"https:\/\/kroonika.delfi.ee\/artikkel\/120599840\/mina-pole-kedagi-ahvardanud-seda-saab-kinnitada-ka-mu-morsja-beebiloust-esines-erauritusel-purjuspai\/kommentaarid\" class=\"article-body-bottom__comment article-body-bottom__comment--write button button--primary button--size-auto\" rel=\"nofollow noopener\" target=\"_blank\"> Kommenteeri <\/a><a href=\"https:\/\/kroonika.delfi.ee\/artikkel\/120599840\/mina-pole-kedagi-ahvardanud-seda-saab-kinnitada-ka-mu-morsja-beebiloust-esines-erauritusel-purjuspai\/kommentaarid\" class=\"article-body-bottom__comment article-body-bottom__comment--read button button--size-auto\" rel=\"nofollow noopener\" target=\"_blank\"> Loe kommentaare (17)<\/a><\/p>\n","protected":false},"excerpt":{"rendered":"Esmakordselt BMW E46 autoklubiga suvep\u00e4evi korraldanud Brigita Kahre pettus n\u00e4dalavahetusel artist Beebil\u00f5ustas, kelle ta enda \u00fcritusele esinema kutsus.&hellip;\n","protected":false},"author":2,"featured_media":237929,"comment_status":"","ping_status":"","sticky":false,"template":"","format":"standard","meta":{"footnotes":"","_share_on_mastodon":"0"},"categories":[16],"tags":[773,37,33,35,173,34,36,140],"class_list":["post-237928","post","type-post","status-publish","format-standard","has-post-thumbnail","category-meelelahutus","tag-beebiloust","tag-ee","tag-eesti","tag-eesti-keel","tag-entertainment","tag-estonia","tag-estonian","tag-meelelahutus"],"share_on_mastodon":{"url":"https:\/\/pubeurope.com\/@ee\/116992392817829359","error":""},"_links":{"self":[{"href":"https:\/\/www.europesays.com\/ee\/wp-json\/wp\/v2\/posts\/237928","targetHints":{"allow":["GET"]}}],"collection":[{"href":"https:\/\/www.europesays.com\/ee\/wp-json\/wp\/v2\/posts"}],"about":[{"href":"https:\/\/www.europesays.com\/ee\/wp-json\/wp\/v2\/types\/post"}],"author":[{"embeddable":true,"href":"https:\/\/www.europesays.com\/ee\/wp-json\/wp\/v2\/users\/2"}],"replies":[{"embeddable":true,"href":"https:\/\/www.europesays.com\/ee\/wp-json\/wp\/v2\/comments?post=237928"}],"version-history":[{"count":0,"href":"https:\/\/www.europesays.com\/ee\/wp-json\/wp\/v2\/posts\/237928\/revisions"}],"wp:featuredmedia":[{"embeddable":true,"href":"https:\/\/www.europesays.com\/ee\/wp-json\/wp\/v2\/media\/237929"}],"wp:attachment":[{"href":"https:\/\/www.europesays.com\/ee\/wp-json\/wp\/v2\/media?parent=237928"}],"wp:term":[{"taxonomy":"category","embeddable":true,"href":"https:\/\/www.europesays.com\/ee\/wp-json\/wp\/v2\/categories?post=237928"},{"taxonomy":"post_tag","embeddable":true,"href":"https:\/\/www.europesays.com\/ee\/wp-json\/wp\/v2\/tags?post=237928"}],"curies":[{"name":"wp","href":"https:\/\/api.w.org\/{rel}","templated":true}]}}