{"id":237942,"date":"2026-07-27T14:36:10","date_gmt":"2026-07-27T14:36:10","guid":{"rendered":"https:\/\/www.europesays.com\/ee\/237942\/"},"modified":"2026-07-27T14:36:10","modified_gmt":"2026-07-27T14:36:10","slug":"video-kukeseeni-on-voimalik-puhastada-ka-ilma-harjata-vaja-on-vaid-vett-ja-jahu","status":"publish","type":"post","link":"https:\/\/www.europesays.com\/ee\/237942\/","title":{"rendered":"VIDEO | Kukeseeni on v\u00f5imalik puhastada ka ilma harjata, vaja on vaid vett ja jahu"},"content":{"rendered":"<p>Trikk p\u00e4rineb leedulanna Au\u0161ra Facebookis jagatud videost, milles ta n\u00e4itab enda s\u00f5nul kiiret viisi kukeseente puhastamiseks \u201ePuhastame kukeseeni! V\u00f5tke nii palju vett, et seened oleksid korralikult kaetud, ning lisage heldelt jahu. Seej\u00e4rel hakake neid k\u00e4tega vees liigutama,\u201c kirjutab ta.<\/p>\n<p>Naise s\u00f5nul kogub jahu enda k\u00fclge liiva, mulla ja muu peene mustuse, mis on j\u00e4\u00e4nud kukeseente vahele. \u201eJahu korjab kogu mustuse kokku ja <a rel=\"noopener nofollow\" target=\"_blank\" href=\"https:\/\/www.delfi.ee\/teema\/72283933\/kukeseened\" tag-id=\"72283933\">kukeseened<\/a> muutuvad hetkega t\u00e4iesti puhtaks. Teil pole vaja kasutada ei harja ega nuga,\u201c kinnitab naine.<\/p>\n<p>Arvamused l\u00e4hevad lahku<\/p>\n<p>Kuigi nipp on leedulaste seas populaarsust kogunud, ei usu k\u00f5ik seenelised, et see on k\u00f5ige parem viis metsasaaduste puhastamiseks.<\/p>\n<p>Video kommentaarides soovitavad m\u00f5ned inimesed kasutada jahu asemel hoopis soola. Leidub ka neid, kelle hinnangul ei peaks kukeseeni \u00fcldse veega pesema.<\/p>\n<p>Nende s\u00f5nul piisab sellest, kui seened metsast tulles suuremast prahist puhastada ning panna need kohe pannile. Samas eelistavad paljud seenekorjajad kukeseeni siiski kiirelt voolava vee all loputada v\u00f5i kasutada pehmet harjakest. Osa p\u00fc\u00fcab seened v\u00f5imalikult puhtaks teha juba metsas, et kodus oleks v\u00e4hem t\u00f6\u00f6d.<\/p>\n<p>Tooreid kukeseeni s\u00fc\u00fca ei tasu<\/p>\n<p>Lisaks puhastamisviisidele on tekitanud arutelu ka k\u00fcsimus, kas kukeseeni v\u00f5ib s\u00fc\u00fca toorelt. Leedu Delfi kirjutas sel teemal siis, kui \u00fcks kohalik naine jagas, et s\u00f6\u00f6b kukeseeni juba metsas korjamise ajal.<\/p>\n<p>\u201eKui ma kukeseeni leian, s\u00f6\u00f6n neist alati kohe paar t\u00fckki. Olen kuulnud m\u00fckoloogidelt ja spetsialistidelt, et kukeseentel on p\u00f5letikuvastased omadused ning need v\u00f5ivad aidata organismist kahjulikke parasiite eemaldada. Seda teades \u2013 miks mitte s\u00fc\u00fca paar kukeseent,\u201c r\u00e4\u00e4kis ta sotsiaalmeedias.<\/p>\n<p>Samas tasub sellistesse v\u00e4idetesse suhtuda ettevaatlikult. Kuigi kukeseente v\u00f5imalike tervisem\u00f5jude kohta on tehtud uuringuid, ei ole teaduslikult t\u00f5estatud, et toore kukeseene s\u00f6\u00f6mine aitaks inimestel parasiitidest vabaneda. Lisaks soovitavad toiduohutuse eksperdid metsaseeni enne s\u00f6\u00f6mist v\u00e4hemalt kuumt\u00f6\u00f6delda.<\/p>\n<p>Kuidas see lugu Sind end tundma pani? Saada <a href=\"https:\/\/maaleht.delfi.ee\/artikkel\/120599904\/video-kukeseeni-on-voimalik-puhastada-ka-ilma-harjata-vaja-on-vaid-vett-ja-jahu\/kommentaarid\" class=\"article-body-bottom__comment article-body-bottom__comment--write button button--primary button--size-auto\" rel=\"nofollow noopener\" target=\"_blank\"> Kommenteeri <\/a><a href=\"https:\/\/maaleht.delfi.ee\/artikkel\/120599904\/video-kukeseeni-on-voimalik-puhastada-ka-ilma-harjata-vaja-on-vaid-vett-ja-jahu\/kommentaarid\" class=\"article-body-bottom__comment article-body-bottom__comment--read button button--size-auto\" rel=\"nofollow noopener\" target=\"_blank\"> Loe kommentaare (2)<\/a><\/p>\n","protected":false},"excerpt":{"rendered":"Trikk p\u00e4rineb leedulanna Au\u0161ra Facebookis jagatud videost, milles ta n\u00e4itab enda s\u00f5nul kiiret viisi kukeseente puhastamiseks \u201ePuhastame kukeseeni!&hellip;\n","protected":false},"author":2,"featured_media":237943,"comment_status":"","ping_status":"","sticky":false,"template":"","format":"standard","meta":{"footnotes":"","_share_on_mastodon":"0"},"categories":[80],"tags":[26,27,37,33,35,34,36,31,32,21,39539,28,29,95,5176,19,25,11592,23,24,22,20,30,92,93,94],"class_list":["post-237942","post","type-post","status-publish","format-standard","has-post-thumbnail","category-maailm","tag-breaking-news","tag-breakingnews","tag-ee","tag-eesti","tag-eesti-keel","tag-estonia","tag-estonian","tag-featured-news","tag-featurednews","tag-headlines","tag-kukeseened","tag-latest-news","tag-latestnews","tag-maailm","tag-mets","tag-news","tag-populaarseimad-lood","tag-seened","tag-top-stories","tag-topstories","tag-uldised-uudised","tag-uudised","tag-viimased-uudised","tag-world","tag-world-news","tag-worldnews"],"share_on_mastodon":{"url":"https:\/\/pubeurope.com\/@ee\/116992448015542685","error":""},"_links":{"self":[{"href":"https:\/\/www.europesays.com\/ee\/wp-json\/wp\/v2\/posts\/237942","targetHints":{"allow":["GET"]}}],"collection":[{"href":"https:\/\/www.europesays.com\/ee\/wp-json\/wp\/v2\/posts"}],"about":[{"href":"https:\/\/www.europesays.com\/ee\/wp-json\/wp\/v2\/types\/post"}],"author":[{"embeddable":true,"href":"https:\/\/www.europesays.com\/ee\/wp-json\/wp\/v2\/users\/2"}],"replies":[{"embeddable":true,"href":"https:\/\/www.europesays.com\/ee\/wp-json\/wp\/v2\/comments?post=237942"}],"version-history":[{"count":0,"href":"https:\/\/www.europesays.com\/ee\/wp-json\/wp\/v2\/posts\/237942\/revisions"}],"wp:featuredmedia":[{"embeddable":true,"href":"https:\/\/www.europesays.com\/ee\/wp-json\/wp\/v2\/media\/237943"}],"wp:attachment":[{"href":"https:\/\/www.europesays.com\/ee\/wp-json\/wp\/v2\/media?parent=237942"}],"wp:term":[{"taxonomy":"category","embeddable":true,"href":"https:\/\/www.europesays.com\/ee\/wp-json\/wp\/v2\/categories?post=237942"},{"taxonomy":"post_tag","embeddable":true,"href":"https:\/\/www.europesays.com\/ee\/wp-json\/wp\/v2\/tags?post=237942"}],"curies":[{"name":"wp","href":"https:\/\/api.w.org\/{rel}","templated":true}]}}