{"id":237956,"date":"2026-07-27T14:48:11","date_gmt":"2026-07-27T14:48:11","guid":{"rendered":"https:\/\/www.europesays.com\/ee\/237956\/"},"modified":"2026-07-27T14:48:11","modified_gmt":"2026-07-27T14:48:11","slug":"mustamae-linnaosa-vanem-otsustamiseks-on-vaid-minutid-moned-tallinlased-kaotasid-hetkega-koik","status":"publish","type":"post","link":"https:\/\/www.europesays.com\/ee\/237956\/","title":{"rendered":"Mustam\u00e4e linnaosa vanem: otsustamiseks on vaid minutid. M\u00f5ned tallinlased kaotasid hetkega k\u00f5ik"},"content":{"rendered":"<p class=\"MsoNormal\">Eelmisel aastal alustati antud elamu kaua oodatud moodulrenoveerimisega. Selle elanikele tundus, et siit saab elukvaliteet ainult paremaks minna. Kuid elu on ettearvamatu &#8211; \u00fchel hetkel oled kodus, j\u00e4rgmisel seisad juba \u00f5ues, seljas vaid need riided, mis \u00f5nnetuse hetkel parajasti seljas olid. K\u00f5ik muu \u2013 ravimid, dokumendid, isiklikud esemed ja m\u00e4lestused \u2013 on j\u00e4\u00e4davalt h\u00e4vinud. <\/p>\n","protected":false},"excerpt":{"rendered":"Eelmisel aastal alustati antud elamu kaua oodatud moodulrenoveerimisega. Selle elanikele tundus, et siit saab elukvaliteet ainult paremaks minna.&hellip;\n","protected":false},"author":2,"featured_media":237957,"comment_status":"","ping_status":"","sticky":false,"template":"","format":"standard","meta":{"footnotes":"","_share_on_mastodon":"0"},"categories":[12],"tags":[26,27,37,33,35,34,36,31,32,21,50032,6470,28,29,2807,19,25,55341,23,24,358,22,20,30],"class_list":["post-237956","post","type-post","status-publish","format-standard","has-post-thumbnail","category-eesti","tag-breaking-news","tag-breakingnews","tag-ee","tag-eesti","tag-eesti-keel","tag-estonia","tag-estonian","tag-featured-news","tag-featurednews","tag-headlines","tag-kriisiabi","tag-kriisivalmidus","tag-latest-news","tag-latestnews","tag-mustamae","tag-news","tag-populaarseimad-lood","tag-sotsiaalmaja","tag-top-stories","tag-topstories","tag-tulekahju","tag-uldised-uudised","tag-uudised","tag-viimased-uudised"],"share_on_mastodon":{"url":"https:\/\/pubeurope.com\/@ee\/116992495114694530","error":""},"_links":{"self":[{"href":"https:\/\/www.europesays.com\/ee\/wp-json\/wp\/v2\/posts\/237956","targetHints":{"allow":["GET"]}}],"collection":[{"href":"https:\/\/www.europesays.com\/ee\/wp-json\/wp\/v2\/posts"}],"about":[{"href":"https:\/\/www.europesays.com\/ee\/wp-json\/wp\/v2\/types\/post"}],"author":[{"embeddable":true,"href":"https:\/\/www.europesays.com\/ee\/wp-json\/wp\/v2\/users\/2"}],"replies":[{"embeddable":true,"href":"https:\/\/www.europesays.com\/ee\/wp-json\/wp\/v2\/comments?post=237956"}],"version-history":[{"count":0,"href":"https:\/\/www.europesays.com\/ee\/wp-json\/wp\/v2\/posts\/237956\/revisions"}],"wp:featuredmedia":[{"embeddable":true,"href":"https:\/\/www.europesays.com\/ee\/wp-json\/wp\/v2\/media\/237957"}],"wp:attachment":[{"href":"https:\/\/www.europesays.com\/ee\/wp-json\/wp\/v2\/media?parent=237956"}],"wp:term":[{"taxonomy":"category","embeddable":true,"href":"https:\/\/www.europesays.com\/ee\/wp-json\/wp\/v2\/categories?post=237956"},{"taxonomy":"post_tag","embeddable":true,"href":"https:\/\/www.europesays.com\/ee\/wp-json\/wp\/v2\/tags?post=237956"}],"curies":[{"name":"wp","href":"https:\/\/api.w.org\/{rel}","templated":true}]}}