{"id":237982,"date":"2026-07-27T15:10:13","date_gmt":"2026-07-27T15:10:13","guid":{"rendered":"https:\/\/www.europesays.com\/ee\/237982\/"},"modified":"2026-07-27T15:10:13","modified_gmt":"2026-07-27T15:10:13","slug":"18-video-%e2%9f%a9-kus-on-veebipolitsei-silmad-tiktokker-kristjan-kuuseste-suudles-otse-eetris-naise-intiimpiirkonda","status":"publish","type":"post","link":"https:\/\/www.europesays.com\/ee\/237982\/","title":{"rendered":"18+ VIDEO \u27e9 \u00abKus on veebipolitsei silmad?\u00bb Tiktokker Kristjan Kuuseste suudles otse-eetris naise intiimpiirkonda"},"content":{"rendered":"<p>Tiktokker Kristjan Kuuseste on sotsiaalmeedias t\u00e4helepanu p\u00e4lvinud eelk\u00f5ige v\u00e4rvikate otse\u00fclekannetega, kus seltskondliku \u00f5htu juurde kuulub sageli ka alkohol. Tavaliselt rahuliku ja teisi pigem mitte solvava mehena tuntud Kuuseste v\u00e4rske otse-eeter v\u00f5ttis aga ootamatult intiimse p\u00f6\u00f6rde ning pani vaataja k\u00fcsima, kas avalikul platvormil on s\u00fcndsuse piirid sootuks kaduma l\u00e4inud.<\/p>\n","protected":false},"excerpt":{"rendered":"Tiktokker Kristjan Kuuseste on sotsiaalmeedias t\u00e4helepanu p\u00e4lvinud eelk\u00f5ige v\u00e4rvikate otse\u00fclekannetega, kus seltskondliku \u00f5htu juurde kuulub sageli ka alkohol.&hellip;\n","protected":false},"author":2,"featured_media":237983,"comment_status":"","ping_status":"","sticky":false,"template":"","format":"standard","meta":{"footnotes":"","_share_on_mastodon":"0"},"categories":[12],"tags":[26,27,37,33,35,34,36,31,32,21,18804,94705,3704,28,29,19,1218,51524,4106,25,3731,15746,397,328,23,24,22,20,94706,27236,30],"class_list":["post-237982","post","type-post","status-publish","format-standard","has-post-thumbnail","category-eesti","tag-breaking-news","tag-breakingnews","tag-ee","tag-eesti","tag-eesti-keel","tag-estonia","tag-estonian","tag-featured-news","tag-featurednews","tag-headlines","tag-intiimsus","tag-kristjan-kuuseste","tag-lapsed","tag-latest-news","tag-latestnews","tag-news","tag-noored","tag-online-turvalisus","tag-otseulekanne","tag-populaarseimad-lood","tag-sisuloojad","tag-skandaal","tag-sotsiaalmeedia","tag-tiktok","tag-top-stories","tag-topstories","tag-uldised-uudised","tag-uudised","tag-veebipolitsei","tag-veronika-pikkas","tag-viimased-uudised"],"share_on_mastodon":{"url":"","error":"Validation failed: Text character limit of 500 exceeded"},"_links":{"self":[{"href":"https:\/\/www.europesays.com\/ee\/wp-json\/wp\/v2\/posts\/237982","targetHints":{"allow":["GET"]}}],"collection":[{"href":"https:\/\/www.europesays.com\/ee\/wp-json\/wp\/v2\/posts"}],"about":[{"href":"https:\/\/www.europesays.com\/ee\/wp-json\/wp\/v2\/types\/post"}],"author":[{"embeddable":true,"href":"https:\/\/www.europesays.com\/ee\/wp-json\/wp\/v2\/users\/2"}],"replies":[{"embeddable":true,"href":"https:\/\/www.europesays.com\/ee\/wp-json\/wp\/v2\/comments?post=237982"}],"version-history":[{"count":0,"href":"https:\/\/www.europesays.com\/ee\/wp-json\/wp\/v2\/posts\/237982\/revisions"}],"wp:featuredmedia":[{"embeddable":true,"href":"https:\/\/www.europesays.com\/ee\/wp-json\/wp\/v2\/media\/237983"}],"wp:attachment":[{"href":"https:\/\/www.europesays.com\/ee\/wp-json\/wp\/v2\/media?parent=237982"}],"wp:term":[{"taxonomy":"category","embeddable":true,"href":"https:\/\/www.europesays.com\/ee\/wp-json\/wp\/v2\/categories?post=237982"},{"taxonomy":"post_tag","embeddable":true,"href":"https:\/\/www.europesays.com\/ee\/wp-json\/wp\/v2\/tags?post=237982"}],"curies":[{"name":"wp","href":"https:\/\/api.w.org\/{rel}","templated":true}]}}