{"id":237994,"date":"2026-07-27T15:21:16","date_gmt":"2026-07-27T15:21:16","guid":{"rendered":"https:\/\/www.europesays.com\/ee\/237994\/"},"modified":"2026-07-27T15:21:16","modified_gmt":"2026-07-27T15:21:16","slug":"logistikahiid-dhl-omandab-venipaki-ja-tugevdab-oma-positsiooni-baltimaades","status":"publish","type":"post","link":"https:\/\/www.europesays.com\/ee\/237994\/","title":{"rendered":"Logistikahiid DHL omandab Venipaki ja tugevdab oma positsiooni Baltimaades"},"content":{"rendered":"<p>Venipaki ettev\u00f5tete omandamise kaudu loob DHL Balti piirkonnas t\u00e4ielikult omanduses oleva kohaloleku, \u00fchendades Venipaki kohaliku infrastruktuuri \u00fclemaailmse v\u00f5rgustikuga. Tavap\u00e4raste regulatiivsete heakskiitude korral saab Venipakist osa DHL Grupi all\u00fcksusest DHL eCommerce. <\/p>\n<p>Venipak on \u00fcks Baltimaade suurimaid s\u00f5ltumatuid pakiveoettev\u00f5tteid, millel on ligikaudu 800 pakiautomaati, ulatuslik v\u00e4ljastuspunktide v\u00f5rgustik ja v\u00e4ljakujunenud v\u00f5imekus nii ettev\u00f5tetevahelises kui ka ettev\u00f5tete ja tarbijate vahelises k\u00e4ttetoimetamise segmendis. DHL eCommerce\u2019i jaoks annab omandamine v\u00e4ljakujunenud siseriikliku k\u00e4ttetoimetamisv\u00f5rgustiku piirkonnas, mida iseloomustab tugev kodust v\u00e4ljaveo kasutuselev\u00f5tt ja e-kaubanduse j\u00e4tkuv kasv.<\/p>\n<p>Loovad tingimused Venipaki kasvuks<\/p>\n<p>\u201eBalti riigid on t\u00e4nap\u00e4eval \u00fched kiiremini kasvavad e-kaubanduse turud Euroopas, mist\u00f5ttu otsisime partnerit, kellel on p\u00f5hjalikud kohaliku turu teadmised, usaldusv\u00e4\u00e4rne kaubam\u00e4rk ja ambitsioon j\u00e4tkata kasvu,\u201c \u00fctles DHL eCommerce\u2019i tegevjuht Pablo Ciano. \u201eVenipak liitub DHL-iga kui \u00fcks tugevamaid s\u00f5ltumatuid logistikaettev\u00f5tteid Baltimaades, millel on hinnatud kaubam\u00e4rk, k\u00f5rgelt professionaalne meeskond, h\u00e4sti arenenud infrastruktuur, ulatuslikud kohaliku turu teadmised ja m\u00e4rkimisv\u00e4\u00e4rne kasvupotentsiaal. Koos suudame luua veelgi rohkem v\u00f5imalusi nii kohalikele ettev\u00f5tetele kui ka rahvusvahelistele klientidele.\u201c <\/p>\n<p>Ciano lisas, et omandamine toetab DHL-i strateegilist eesm\u00e4rki laiendada oma usaldusv\u00e4\u00e4rsete, taskukohaste ja j\u00e4tkusuutlike pakiveoteenuste v\u00f5rgustikku kogu Euroopas, luues samal ajal tingimused Venipaki j\u00e4tkuvaks kasvuks.<\/p>\n<p>\u201eEsimesest p\u00e4evast alates ehitasime Venipaki \u00fcles, j\u00e4rgides \u00fclemaailmseid logistika parimaid tavasid. T\u00e4na oleme \u00fcks juhtivaid s\u00f5ltumatuid logistikaettev\u00f5tteid Balti riikides ja see tehing kinnitab meie loodud maailmatasemel \u00e4ri,\u201c \u00fctles Venipaki omanik Nerijus Raudonis. \u201eKoos DHL-iga j\u00e4tkab Venipak oma turupositsiooni tugevdamist piirkonnas, pakkudes oma klientidele veelgi suuremaid v\u00f5imalusi oma ettev\u00f5tte laiendamiseks nii riigisiseselt kui ka rahvusvaheliselt, luues samal ajal t\u00f6\u00f6tajatele laiemaid professionaalse arengu v\u00f5imalusi.\u201c<\/p>\n<p>Juhtkond ja t\u00f6\u00f6tajad j\u00e4\u00e4vad ametisse<\/p>\n<p>Venipaki br\u00e4nd j\u00e4\u00e4b alles: kliendid saavad juurdep\u00e4\u00e4su laiematele rahvusvahelistele turgudele. Tavap\u00e4raste sulgemistingimuste ja regulatiivsete heakskiitude korral algab p\u00e4rast tehingu l\u00f5puleviimist integratsiooniprotsess. Selle aja jooksul saab Venipak j\u00e4rk-j\u00e4rgult osaks DHL Grupi globaalsest logistikav\u00f5rgustikust, j\u00e4tkates samal ajal tegutsemist oma olemasoleva kaubam\u00e4rgi identiteedi all. Praegune juhtkond ja t\u00f6\u00f6tajad j\u00e4\u00e4vad oma ametikohtadele. <\/p>\n<p>L\u00e4hiaastatel plaanib DHL investeerida Venipaki t\u00f6\u00f6j\u00f5usse, laiendada ettev\u00f5tte pakiautomaatide v\u00f5rgustikku, suurendada sorteerimisv\u00f5imsust peamistes terminalides ja t\u00e4iustada oma IT-taristut. Samal ajal saavad Venipaki kliendid kogu Baltikumis juurdep\u00e4\u00e4su DHL eCommerce\u2019i globaalsele v\u00f5rgustikule, mis h\u00f5lmab t\u00f6\u00f6stusharu juhtivaid pakiveo ja tagastuslahendusi ning enam kui 165 000 kodust eemal asuvat punkti, mis sobivad ideaalselt t\u00e4nap\u00e4evastele tarbijatele.<\/p>\n<p>\u201eS\u00e4ilitame k\u00f5ik, mida kliendid \u00fcle Baltikumi Venipaki juures t\u00e4na hindavad \u2013 kiiruse, paindlikkuse ja tihedad kliendisuhted \u2013, andes neile samal ajal juurdep\u00e4\u00e4su \u00fchele maailma suurimale logistikav\u00f5rgustikule,\u201c \u00fctles Venipaki tegevjuht Andrius Ladauskas. \u201eSee t\u00e4hendab suuremat valikuv\u00f5imalust, mugavamat rahvusvahelist saatmist ja tagastamist ning veelgi suuremaid v\u00f5imalusi Balti riikide ettev\u00f5tetele laieneda rahvusvahelistele turgudele.\u201c<\/p>\n<p>Kuidas see lugu Sind end tundma pani? Saada <a href=\"https:\/\/arileht.delfi.ee\/a\/120599931\/logistikahiid-dhl-omandab-venipaki-ja-tugevdab-oma-positsiooni-baltimaades\/kommentaarid\" class=\"article-body-bottom__comment article-body-bottom__comment--write button button--primary button--size-auto\" rel=\"nofollow noopener\" target=\"_blank\"> Kommenteeri <\/a><a href=\"https:\/\/arileht.delfi.ee\/a\/120599931\/logistikahiid-dhl-omandab-venipaki-ja-tugevdab-oma-positsiooni-baltimaades\/kommentaarid\" class=\"article-body-bottom__comment article-body-bottom__comment--read button button--size-auto\" rel=\"nofollow noopener\" target=\"_blank\"> Loe kommentaare (4)<\/a><\/p>\n","protected":false},"excerpt":{"rendered":"Venipaki ettev\u00f5tete omandamise kaudu loob DHL Balti piirkonnas t\u00e4ielikult omanduses oleva kohaloleku, \u00fchendades Venipaki kohaliku infrastruktuuri \u00fclemaailmse v\u00f5rgustikuga.&hellip;\n","protected":false},"author":2,"featured_media":237995,"comment_status":"","ping_status":"","sticky":false,"template":"","format":"standard","meta":{"footnotes":"","_share_on_mastodon":"0"},"categories":[12],"tags":[26,27,22678,37,33,35,34,36,31,32,21,28,29,19,25,23,24,22,20,3390,30],"class_list":["post-237994","post","type-post","status-publish","format-standard","has-post-thumbnail","category-eesti","tag-breaking-news","tag-breakingnews","tag-dhl","tag-ee","tag-eesti","tag-eesti-keel","tag-estonia","tag-estonian","tag-featured-news","tag-featurednews","tag-headlines","tag-latest-news","tag-latestnews","tag-news","tag-populaarseimad-lood","tag-top-stories","tag-topstories","tag-uldised-uudised","tag-uudised","tag-venipak","tag-viimased-uudised"],"share_on_mastodon":{"url":"https:\/\/pubeurope.com\/@ee\/116992624831564797","error":""},"_links":{"self":[{"href":"https:\/\/www.europesays.com\/ee\/wp-json\/wp\/v2\/posts\/237994","targetHints":{"allow":["GET"]}}],"collection":[{"href":"https:\/\/www.europesays.com\/ee\/wp-json\/wp\/v2\/posts"}],"about":[{"href":"https:\/\/www.europesays.com\/ee\/wp-json\/wp\/v2\/types\/post"}],"author":[{"embeddable":true,"href":"https:\/\/www.europesays.com\/ee\/wp-json\/wp\/v2\/users\/2"}],"replies":[{"embeddable":true,"href":"https:\/\/www.europesays.com\/ee\/wp-json\/wp\/v2\/comments?post=237994"}],"version-history":[{"count":0,"href":"https:\/\/www.europesays.com\/ee\/wp-json\/wp\/v2\/posts\/237994\/revisions"}],"wp:featuredmedia":[{"embeddable":true,"href":"https:\/\/www.europesays.com\/ee\/wp-json\/wp\/v2\/media\/237995"}],"wp:attachment":[{"href":"https:\/\/www.europesays.com\/ee\/wp-json\/wp\/v2\/media?parent=237994"}],"wp:term":[{"taxonomy":"category","embeddable":true,"href":"https:\/\/www.europesays.com\/ee\/wp-json\/wp\/v2\/categories?post=237994"},{"taxonomy":"post_tag","embeddable":true,"href":"https:\/\/www.europesays.com\/ee\/wp-json\/wp\/v2\/tags?post=237994"}],"curies":[{"name":"wp","href":"https:\/\/api.w.org\/{rel}","templated":true}]}}