{"id":238022,"date":"2026-07-27T16:02:12","date_gmt":"2026-07-27T16:02:12","guid":{"rendered":"https:\/\/www.europesays.com\/ee\/238022\/"},"modified":"2026-07-27T16:02:12","modified_gmt":"2026-07-27T16:02:12","slug":"eesti-kolmik-jatkab-catanias-ka-tuleval-hooajal-jalgpall-2","status":"publish","type":"post","link":"https:\/\/www.europesays.com\/ee\/238022\/","title":{"rendered":"Eesti kolmik j\u00e4tkab Catanias ka tuleval hooajal | Jalgpall"},"content":{"rendered":"<p>Eesti naiste jalgpallikoondise liikmed Mari Liis Lillem\u00e4e, Kristina Teern ja Liselle Palts j\u00e4tkavad ka tuleval hooajal Catania ridades ning asuvad heitlema Itaalia tugevuselt teises liigas ehk Serie B-s.<\/p>\n<p>Catania v\u00f5itis l\u00f5ppenud hooajal Serie C-s oma tsoonis 20 m\u00e4ngust 16, viigistas \u00fche ja kaotas vaid kolm, ent edestas l\u00f5puks Salernitanat siiski vaid kolme punktiga.\u00a0Play-off&#8217;i poolfinaalis alistati esmalt 1:0 Real Meda ja seej\u00e4rel penaltitega S\u00fcdtirol, vahendab <a href=\"https:\/\/soccernet.ee\/artikkel\/lepingud-pikendatud-catania-kolmik-asub-serie-b-s-tegusid-tegema\" target=\"_blank\" rel=\"noopener nofollow\">Soccernet<\/a>.<\/p>\n<p>Enne v\u00e4lismaale siirdumist Tallinna Floras pallinud eestlannade kolmik liitus Cataniaga detsembris ja m\u00e4ngis naiskonna edus kandvat rolli. Teerni arvele kanti naiskonna parimana 13 tabamust, Lillem\u00e4e lisas seitse v\u00e4ravat ja Palts \u00fche. Lisaks andis Teern ametliku statistika kohaselt ka neli v\u00e4ravas\u00f6\u00f6tu ja valiti kuuel korral m\u00e4ngu parimaks, Lillem\u00e4e arvele j\u00e4i samuti neli v\u00e4ravas\u00f6\u00f6tu ning Paltsile \u00fcks.<\/p>\n<p>Paralleelselt oli Catania edukas ka Serie C karikav\u00f5istlustel, kus poolfinaali Nuova Alba vastu penaltitega v\u00f5itis, aga finaali Pro Sesto vastu penaltitega siiski kaotas.<\/p>\n","protected":false},"excerpt":{"rendered":"Eesti naiste jalgpallikoondise liikmed Mari Liis Lillem\u00e4e, Kristina Teern ja Liselle Palts j\u00e4tkavad ka tuleval hooajal Catania ridades&hellip;\n","protected":false},"author":2,"featured_media":238023,"comment_status":"","ping_status":"","sticky":false,"template":"","format":"standard","meta":{"footnotes":"","_share_on_mastodon":"0"},"categories":[18],"tags":[32388,37,33,35,34,36,1665,29588,9397,159,158],"class_list":["post-238022","post","type-post","status-publish","format-standard","has-post-thumbnail","category-sport","tag-catania","tag-ee","tag-eesti","tag-eesti-keel","tag-estonia","tag-estonian","tag-kristina-teern","tag-liselle-palts","tag-mari-liis-lillemae","tag-sport","tag-sports"],"share_on_mastodon":{"url":"https:\/\/pubeurope.com\/@ee\/116992786187409671","error":""},"_links":{"self":[{"href":"https:\/\/www.europesays.com\/ee\/wp-json\/wp\/v2\/posts\/238022","targetHints":{"allow":["GET"]}}],"collection":[{"href":"https:\/\/www.europesays.com\/ee\/wp-json\/wp\/v2\/posts"}],"about":[{"href":"https:\/\/www.europesays.com\/ee\/wp-json\/wp\/v2\/types\/post"}],"author":[{"embeddable":true,"href":"https:\/\/www.europesays.com\/ee\/wp-json\/wp\/v2\/users\/2"}],"replies":[{"embeddable":true,"href":"https:\/\/www.europesays.com\/ee\/wp-json\/wp\/v2\/comments?post=238022"}],"version-history":[{"count":0,"href":"https:\/\/www.europesays.com\/ee\/wp-json\/wp\/v2\/posts\/238022\/revisions"}],"wp:featuredmedia":[{"embeddable":true,"href":"https:\/\/www.europesays.com\/ee\/wp-json\/wp\/v2\/media\/238023"}],"wp:attachment":[{"href":"https:\/\/www.europesays.com\/ee\/wp-json\/wp\/v2\/media?parent=238022"}],"wp:term":[{"taxonomy":"category","embeddable":true,"href":"https:\/\/www.europesays.com\/ee\/wp-json\/wp\/v2\/categories?post=238022"},{"taxonomy":"post_tag","embeddable":true,"href":"https:\/\/www.europesays.com\/ee\/wp-json\/wp\/v2\/tags?post=238022"}],"curies":[{"name":"wp","href":"https:\/\/api.w.org\/{rel}","templated":true}]}}