{"id":238030,"date":"2026-07-27T16:13:21","date_gmt":"2026-07-27T16:13:21","guid":{"rendered":"https:\/\/www.europesays.com\/ee\/238030\/"},"modified":"2026-07-27T16:13:21","modified_gmt":"2026-07-27T16:13:21","slug":"fc-elva-loovutab-tehvandi-tagasi-laskesuusatajatele-soccernet-ee","status":"publish","type":"post","link":"https:\/\/www.europesays.com\/ee\/238030\/","title":{"rendered":"FC Elva loovutab Tehvandi tagasi laskesuusatajatele &#8211; Soccernet.ee"},"content":{"rendered":"<p><img decoding=\"async\" src=\"https:\/\/www.europesays.com\/ee\/wp-content\/uploads\/2026\/07\/1785153151.jpg\" alt=\"FC Elva l\u00e4heb koju. Foto: Siim J\u00e4nes\"\/>&#13;\n<\/p>\n<p>Seni murum\u00e4nge Tehvandi staadionil pidanud FC Elva andis sotsiaalmeedia vahendusel teada, et n\u00fc\u00fcd kolitakse tagasi kodumurule ehk Elva linnastaadionile.\u00a0<\/p>\n<p>Alates Esiliiga teisest ringist toimusid Elva kodum\u00e4ngud Tehvandi staadionil, mitte koduses Elvas. &#8220;Kui Elvas oleks v\u00f5rdv\u00e4\u00e4rsed tingimused, siis me ei l\u00e4heks mitte kuhugi. Kui v\u00f5rrelda Elva tingimusi Tehvandiga, siis Tehvandi on Eesti m\u00f5istes luksus. V\u00f5tame lihtsalt kohalikust infrastruktuurist maksimumi. Elva linnastaadion on j\u00e4rjest rohkem ajale jalgu j\u00e4\u00e4nud,&#8221; r\u00e4\u00e4kis Elva tegevjuht Marie Pau enne hooaja algust.&#13;\n<\/p>\n<p>&#8220;P\u00e4rast Tehvandi staadionil peetud kodum\u00e4nge suundume tagasi koju Elvasse. Teame, et paljud f\u00e4nnid on seda hetke pikalt oodanud \u2013 n\u00fc\u00fcd on aeg trib\u00fc\u00fcnid ja v\u00e4ljaku \u00e4\u00e4red t\u00e4ita ning luua \u00fcheskoos Elva linnastaadionil v\u00f5imas kodum\u00e4ngu atmosf\u00e4\u00e4r!&#8221; seisab Elva postituses.\u00a0&#13;\n<\/p>\n<p>Elva m\u00e4ngis Tehvandi staadionil kaks kohtumist ka eelmisel hooajal,\u00a0kui liigam\u00e4ngus alistati Tallinna Kalevi duubelmeeskond 5:3 ja karikam\u00e4ngus kaotati Kalevi esindusmeeskonnale 1:2.<\/p>\n<p>Esiliigas on praegu peetud 20 m\u00e4nguvooru. Elva paikneb 30 silmaga neljandal tabelireal ning kolmandal kohal paiknevast Viimsi JK-st lahutab neid k\u00f5igest kaks punkti. Teisel real positsioneerival Tallinna Flora duubelmeeskonnal on 34 punkti, esimest kohta hoiab 45 punktiga Tartu Welco.\u00a0&#13;\n<\/p>\n<p>&#13;<\/p>\n","protected":false},"excerpt":{"rendered":"&#13; Seni murum\u00e4nge Tehvandi staadionil pidanud FC Elva andis sotsiaalmeedia vahendusel teada, et n\u00fc\u00fcd kolitakse tagasi kodumurule ehk&hellip;\n","protected":false},"author":2,"featured_media":238031,"comment_status":"","ping_status":"","sticky":false,"template":"","format":"standard","meta":{"footnotes":"","_share_on_mastodon":"0"},"categories":[18],"tags":[37,33,35,897,94719,1466,34,36,3970,159,158,40819,78894],"class_list":["post-238030","post","type-post","status-publish","format-standard","has-post-thumbnail","category-sport","tag-ee","tag-eesti","tag-eesti-keel","tag-elva","tag-elva-linnastaadion","tag-esiliiga","tag-estonia","tag-estonian","tag-fc-elva","tag-sport","tag-sports","tag-tehvandi","tag-tehvandi-staadion"],"share_on_mastodon":{"url":"https:\/\/pubeurope.com\/@ee\/116992829827239350","error":""},"_links":{"self":[{"href":"https:\/\/www.europesays.com\/ee\/wp-json\/wp\/v2\/posts\/238030","targetHints":{"allow":["GET"]}}],"collection":[{"href":"https:\/\/www.europesays.com\/ee\/wp-json\/wp\/v2\/posts"}],"about":[{"href":"https:\/\/www.europesays.com\/ee\/wp-json\/wp\/v2\/types\/post"}],"author":[{"embeddable":true,"href":"https:\/\/www.europesays.com\/ee\/wp-json\/wp\/v2\/users\/2"}],"replies":[{"embeddable":true,"href":"https:\/\/www.europesays.com\/ee\/wp-json\/wp\/v2\/comments?post=238030"}],"version-history":[{"count":0,"href":"https:\/\/www.europesays.com\/ee\/wp-json\/wp\/v2\/posts\/238030\/revisions"}],"wp:featuredmedia":[{"embeddable":true,"href":"https:\/\/www.europesays.com\/ee\/wp-json\/wp\/v2\/media\/238031"}],"wp:attachment":[{"href":"https:\/\/www.europesays.com\/ee\/wp-json\/wp\/v2\/media?parent=238030"}],"wp:term":[{"taxonomy":"category","embeddable":true,"href":"https:\/\/www.europesays.com\/ee\/wp-json\/wp\/v2\/categories?post=238030"},{"taxonomy":"post_tag","embeddable":true,"href":"https:\/\/www.europesays.com\/ee\/wp-json\/wp\/v2\/tags?post=238030"}],"curies":[{"name":"wp","href":"https:\/\/api.w.org\/{rel}","templated":true}]}}