{"id":238064,"date":"2026-07-27T16:49:08","date_gmt":"2026-07-27T16:49:08","guid":{"rendered":"https:\/\/www.europesays.com\/ee\/238064\/"},"modified":"2026-07-27T16:49:08","modified_gmt":"2026-07-27T16:49:08","slug":"analuutik-isamaa-toetaja-pole-oma-eelistuses-vaga-kindel-eesti","status":"publish","type":"post","link":"https:\/\/www.europesays.com\/ee\/238064\/","title":{"rendered":"Anal\u00fc\u00fctik: Isamaa toetaja pole oma eelistuses v\u00e4ga kindel | Eesti"},"content":{"rendered":"<p>Erakondade toetustabelit juhib 24 protsendiga endiselt Isamaa, kuid Emori uuringujuhi Aivar Voogi s\u00f5nul ei ole Isamaa toetaja oma eelistuses v\u00e4ga kindel ja v\u00f5imaluse tekkides v\u00f5iks valida ka m\u00f5nda Isamaa alternatiivi.<\/p>\n<p>Isamaale j\u00e4rgneb 20 protsendiga Keskerakond. Reformierakond on v\u00f5rreldes m\u00f5ne kuu taguse rekordmadala toetusega oma reitingut parandamas. Juulis toetas neid 14 protsenti valijatest. Sellega on peaministripartei j\u00f5udnud samale pulgale sotsiaaldemokraatide ja EKRE-ga.<\/p>\n<p>Stabiilselt ja j\u00e4rjekindlalt on Isamaa Eesti k\u00f5ige populaarsem partei, kasvatades isegi vahet teisel kohal oleva Keskerakonnaga, kelle toetus veidi langes.<\/p>\n<p>&#8220;Kui k\u00fcsida, kui kindel on Isamaa kui valik, siis valiku kindlus ei ole nii k\u00f5rge kui n\u00e4iteks m\u00f5ne teise erakonna puhul. Ehk siis, kui kindlasti oleks mingi alternatiiv, siis Isamaa positsioon ei oleks nii tugev, aga antud hetkel t\u00f5esti tundub, et 24 protsendi jaoks mingit muud alternatiivi ei ole: juba viiendat kuud j\u00e4rjest on Isamaa 24 protsendi peal,&#8221; lausus Voog.<\/p>\n<p>Mais oma madalseisus ehk 10-protsendi peal olnud Reformierakond on aga teist kuud j\u00e4rjest toetust suurendanud \u2013 juulikuus oli nende taga taas 14 protsenti elanikest.<\/p>\n<p>&#8220;Kuna nad on peaministrierakond, siis h\u00e4sti palju s\u00f5ltub sellest, mis toimub Eesti majanduses, et kui seal t\u00f5esti need positiivsed trendid j\u00e4tkuvad ja tarbijad tunnevad ennast kindlamalt, siis ka v\u00f5iks olla mingisugune foon nende reitingu paranemiseks. Eks see s\u00f5ltub ka nende tegemistest, et kuiv\u00f5rd \u00fchtsed nad sisemiselt on,&#8221; s\u00f5nas Voog.<\/p>\n<p>&#8220;Riigikogu viimastel n\u00e4dalatel v\u00f5eti vastu lisaeelarve, kus t\u00e4iendavalt raha l\u00e4ks riigipiiri kaitsmiseks, AI-arenguks, aga ka tegelikult siis nende n\u00f5rgemate gruppide abistamiseks. Samamoodi sai aasta alguses siis kehtestatud siis \u00fchetaoline maksus\u00fcsteem ehk siis maksuk\u00fc\u00fcr kaotati \u00e4ra. See on j\u00f5udnud n\u00fc\u00fcd reaalselt Eesti inimeste-perekondade rahakottidesse, elektrihinnad on ka all: k\u00f5ik l\u00e4heb paremuse poole,&#8221; lausus Reformierakonna peasekret\u00e4r Kristo Enn Vaga.<\/p>\n<p>Samal ajal kaotasid kaks protsendipunkti oma populaarsusest sotsiaaldemokraadid.<\/p>\n<p>&#8220;Reformierakonna ja sotside toetajaskond osaliselt kattub. Need erakonnad on potentsiaalsele toetajale k\u00fcllaltki sarnased, s\u00f5ltuvalt siis sellest, et kumb erakond mingil hetkel paistab paremini v\u00e4lja. Siis see, kes paistab paremini silma, selle reiting on ka m\u00f5nev\u00f5rra k\u00f5rgem,&#8221; k\u00f5neles Voog.<\/p>\n<p>&#8220;Suvel kipub niimoodi olema, et valitsuserakondade n\u00e4htavus on parem ja opositsioonierakondade toetus teeb v\u00e4ikse tagasik\u00e4igu v\u00f5i p\u00fcsib stabiilsena. Mina seal mingisugust uut trendi ei n\u00e4e. Vaatame kas s\u00fcgis ja eelarvevaidlused ja t\u00f5esti v\u00f5ib-olla ka presidendivalimised toovad mingi muutuse d\u00fcnaamikas v\u00f5i mitte,&#8221; s\u00f5nas sotsiaaldemokraatide aseesimees Riina Sikkut.<\/p>\n<p>Veidi on kasvanud ka nende hulk, kes oma eelistust v\u00e4lja tuua ei osanud, neid oli juulis t\u00e4pselt veerand vastajatest.<\/p>\n","protected":false},"excerpt":{"rendered":"Erakondade toetustabelit juhib 24 protsendiga endiselt Isamaa, kuid Emori uuringujuhi Aivar Voogi s\u00f5nul ei ole Isamaa toetaja oma&hellip;\n","protected":false},"author":2,"featured_media":238065,"comment_status":"","ping_status":"","sticky":false,"template":"","format":"standard","meta":{"footnotes":"","_share_on_mastodon":"0"},"categories":[12],"tags":[26,27,37,33,35,334,75597,34,36,31,32,21,731,28,29,19,25,333,23,24,22,20,30],"class_list":["post-238064","post","type-post","status-publish","format-standard","has-post-thumbnail","category-eesti","tag-breaking-news","tag-breakingnews","tag-ee","tag-eesti","tag-eesti-keel","tag-erakondade-reitingud","tag-erakondade-reitingud-aivar-voog","tag-estonia","tag-estonian","tag-featured-news","tag-featurednews","tag-headlines","tag-isamaa","tag-latest-news","tag-latestnews","tag-news","tag-populaarseimad-lood","tag-reitingud","tag-top-stories","tag-topstories","tag-uldised-uudised","tag-uudised","tag-viimased-uudised"],"share_on_mastodon":{"url":"https:\/\/pubeurope.com\/@ee\/116992970948458203","error":""},"_links":{"self":[{"href":"https:\/\/www.europesays.com\/ee\/wp-json\/wp\/v2\/posts\/238064","targetHints":{"allow":["GET"]}}],"collection":[{"href":"https:\/\/www.europesays.com\/ee\/wp-json\/wp\/v2\/posts"}],"about":[{"href":"https:\/\/www.europesays.com\/ee\/wp-json\/wp\/v2\/types\/post"}],"author":[{"embeddable":true,"href":"https:\/\/www.europesays.com\/ee\/wp-json\/wp\/v2\/users\/2"}],"replies":[{"embeddable":true,"href":"https:\/\/www.europesays.com\/ee\/wp-json\/wp\/v2\/comments?post=238064"}],"version-history":[{"count":0,"href":"https:\/\/www.europesays.com\/ee\/wp-json\/wp\/v2\/posts\/238064\/revisions"}],"wp:featuredmedia":[{"embeddable":true,"href":"https:\/\/www.europesays.com\/ee\/wp-json\/wp\/v2\/media\/238065"}],"wp:attachment":[{"href":"https:\/\/www.europesays.com\/ee\/wp-json\/wp\/v2\/media?parent=238064"}],"wp:term":[{"taxonomy":"category","embeddable":true,"href":"https:\/\/www.europesays.com\/ee\/wp-json\/wp\/v2\/categories?post=238064"},{"taxonomy":"post_tag","embeddable":true,"href":"https:\/\/www.europesays.com\/ee\/wp-json\/wp\/v2\/tags?post=238064"}],"curies":[{"name":"wp","href":"https:\/\/api.w.org\/{rel}","templated":true}]}}