{"id":238122,"date":"2026-07-27T18:05:10","date_gmt":"2026-07-27T18:05:10","guid":{"rendered":"https:\/\/www.europesays.com\/ee\/238122\/"},"modified":"2026-07-27T18:05:10","modified_gmt":"2026-07-27T18:05:10","slug":"ukraina-vahistas-venemaa-runnatud-relvanaituse-korraldaja-valismaa","status":"publish","type":"post","link":"https:\/\/www.europesays.com\/ee\/238122\/","title":{"rendered":"Ukraina vahistas Venemaa r\u00fcnnatud relvan\u00e4ituse korraldaja | V\u00e4lismaa"},"content":{"rendered":"<p>Ukraina kohus v\u00f5ttis esmasp\u00e4eval vahi alla mehe, kes korraldas l\u00e4inud n\u00e4dalal relvan\u00e4ituse, mida tabas Venemaa r\u00fcnnak ning milles hukkus v\u00e4hemalt 11 inimest ja mis vallandas \u00fcle riigi pahameeletormi.<\/p>\n<p>Prokuratuur esitas relvat\u00f6\u00f6stuse assotsiatsiooni juhile Vass\u00f5l Gont\u0161arukile s\u00fc\u00fcdistuse surma p\u00f5hjustanud hooletuses seoses reedese Venemaa ballistilise raketi r\u00fcnnakuga Kiievi-l\u00e4hedasele lasketiirule, kus n\u00e4itus l\u00e4bi viidi.<\/p>\n<p>\u00dcrituse korraldamise viis p\u00e4lvis laialdast pahameelt, sealhulgas Ukraina presidendilt Volod\u00f5m\u00f5r Zelensk\u00f5ilt, kes \u00fctles, et kindlasti poleks tohtinud see seal toimuda.<\/p>\n<p>Esmasp\u00e4eval v\u00f5ttis Kiievi kohus Gont\u0161aruki kuni kohtuprotsessini kautsjoni vastu vabanemise v\u00f5imaluseta vahi alla, teatas istungil osalenud AFP ajakirjanik.<\/p>\n<p>&#8220;Ma m\u00f5istan t\u00e4ielikult oma vastutust ning palun kohtul ja uurijatel l\u00e4bi viia k\u00f5ik vajalikud uurimistoimingud,&#8221; \u00fctles Gont\u0161aruk, kes oli palunud enda vabastamist koduaresti.<\/p>\n<p>Ta ilmus kohtusse longates ja \u00fctles, et sai r\u00fcnnakus kergeid vigastusi.<\/p>\n<p>M\u00f5ni tund p\u00e4rast r\u00fcnnakut kinnitas Venemaa kaitseministeerium, et tabas asukohta, kus nende s\u00f5nul toimus Ukraina ja v\u00e4lismaiste droonide demonstratsioon.<\/p>\n<p>Ukraina prokur\u00f6r Ruslan Kravt\u0161enko \u00fctles, et uurijad kontrollivad, kas asjaolud v\u00f5isid trag\u00f6\u00f6dia ulatust s\u00fcvendada.<\/p>\n<p>Prokur\u00f6ride s\u00f5nul oli relvaassotsiatsioon kutsunud ilma ametliku loata \u00fcle 300 inimese, sealhulgas s\u00f5jav\u00e4elasi, riigi esindajaid ja \u00e4ritegelasi, pakkudes vaid v\u00e4ikest varjendit.<\/p>\n<p>\u00dcritus p\u00e4lvis kriitikat ka sotsiaalmeedias reklaamimise eest.<\/p>\n<p>&#8220;Kohtueelne uurimine keskendub maksimaalselt sellele, et teha kindlaks, kuidas selle \u00fcrituse asukoht, aeg ja osalejate nimekiri sattusid agressorriigi k\u00e4tte,&#8221; \u00fctles prokur\u00f6r Ivan Varan\u00f5tsia kohtus ajakirjanikele.<\/p>\n<p>M\u00f5ni tund p\u00e4rast reedest r\u00fcnnakut n\u00e4gid AFP reporterid varemetes kodusid ja ohvreid laibakottides, samal ajal kui esmareageerijad ja uurijad rususid l\u00e4bi otsisid.<\/p>\n<p>Esmasp\u00e4eval t\u00f5usis hukkunute arv k\u00fcmnelt \u00fcheteistk\u00fcmnele, kui oma haavadesse suri Malta heaks t\u00f6\u00f6tanud Ukraina diplomaat.<\/p>\n<p>Ukraina kaitset\u00f6\u00f6stus korraldab regulaarselt \u00fcritusi, et tutvustada oma droone ja muid relvi investoritele ja liitlastele.<\/p>\n<p>Sarnased Venemaa r\u00fcnnakud Ukraina s\u00f5jav\u00e4elaste kogunemistele on samuti vallandanud pahameeletormi ja tagasiastumisi.<\/p>\n","protected":false},"excerpt":{"rendered":"Ukraina kohus v\u00f5ttis esmasp\u00e4eval vahi alla mehe, kes korraldas l\u00e4inud n\u00e4dalal relvan\u00e4ituse, mida tabas Venemaa r\u00fcnnak ning milles&hellip;\n","protected":false},"author":2,"featured_media":238123,"comment_status":"","ping_status":"","sticky":false,"template":"","format":"standard","meta":{"footnotes":"","_share_on_mastodon":"0"},"categories":[80],"tags":[26,27,37,33,35,34,36,31,32,21,28,29,95,19,25,762,23,24,94744,22,20,96,30,92,93,94],"class_list":["post-238122","post","type-post","status-publish","format-standard","has-post-thumbnail","category-maailm","tag-breaking-news","tag-breakingnews","tag-ee","tag-eesti","tag-eesti-keel","tag-estonia","tag-estonian","tag-featured-news","tag-featurednews","tag-headlines","tag-latest-news","tag-latestnews","tag-maailm","tag-news","tag-populaarseimad-lood","tag-runnak","tag-top-stories","tag-topstories","tag-ukraina-relvanaitus","tag-uldised-uudised","tag-uudised","tag-venemaa","tag-viimased-uudised","tag-world","tag-world-news","tag-worldnews"],"share_on_mastodon":{"url":"https:\/\/pubeurope.com\/@ee\/116993269575901034","error":""},"_links":{"self":[{"href":"https:\/\/www.europesays.com\/ee\/wp-json\/wp\/v2\/posts\/238122","targetHints":{"allow":["GET"]}}],"collection":[{"href":"https:\/\/www.europesays.com\/ee\/wp-json\/wp\/v2\/posts"}],"about":[{"href":"https:\/\/www.europesays.com\/ee\/wp-json\/wp\/v2\/types\/post"}],"author":[{"embeddable":true,"href":"https:\/\/www.europesays.com\/ee\/wp-json\/wp\/v2\/users\/2"}],"replies":[{"embeddable":true,"href":"https:\/\/www.europesays.com\/ee\/wp-json\/wp\/v2\/comments?post=238122"}],"version-history":[{"count":0,"href":"https:\/\/www.europesays.com\/ee\/wp-json\/wp\/v2\/posts\/238122\/revisions"}],"wp:featuredmedia":[{"embeddable":true,"href":"https:\/\/www.europesays.com\/ee\/wp-json\/wp\/v2\/media\/238123"}],"wp:attachment":[{"href":"https:\/\/www.europesays.com\/ee\/wp-json\/wp\/v2\/media?parent=238122"}],"wp:term":[{"taxonomy":"category","embeddable":true,"href":"https:\/\/www.europesays.com\/ee\/wp-json\/wp\/v2\/categories?post=238122"},{"taxonomy":"post_tag","embeddable":true,"href":"https:\/\/www.europesays.com\/ee\/wp-json\/wp\/v2\/tags?post=238122"}],"curies":[{"name":"wp","href":"https:\/\/api.w.org\/{rel}","templated":true}]}}