{"id":238196,"date":"2026-07-27T20:04:07","date_gmt":"2026-07-27T20:04:07","guid":{"rendered":"https:\/\/www.europesays.com\/ee\/238196\/"},"modified":"2026-07-27T20:04:07","modified_gmt":"2026-07-27T20:04:07","slug":"teisipaeva-varahommikul-eesti-epeenaiskond-tahab-lopetada-pikale-veninud-medalipoua","status":"publish","type":"post","link":"https:\/\/www.europesays.com\/ee\/238196\/","title":{"rendered":"TEISIP\u00c4EVA VARAHOMMIKUL | Eesti epeenaiskond tahab l\u00f5petada pikale veninud medalip\u00f5ua"},"content":{"rendered":"<p>Eesti koosseis on <a rel=\"noopener nofollow\" target=\"_blank\" href=\"https:\/\/www.delfi.ee\/teema\/62727952\/katrina-lehis\" tag-id=\"62727952\">Katrina Lehis<\/a>, <a rel=\"noopener nofollow\" target=\"_blank\" href=\"https:\/\/www.delfi.ee\/teema\/56499452\/irina-embrich\" tag-id=\"56499452\">Irina Embrich<\/a>, <a rel=\"noopener nofollow\" target=\"_blank\" href=\"https:\/\/www.delfi.ee\/teema\/64127133\/julia-beljajeva\" tag-id=\"64127133\">Julia Beljajeva<\/a> ja Veronika Zuikova. Epeenaiskond v\u00f5itis viimati medali 2021. aastal, mil Tokyos tuldi ol\u00fcmpiav\u00f5itjaks. Toonane nelik oli Lehis, Embrich, Beljajeva ja Erika Kirpu.<\/p>\n<p>Eelmise aasta MM-il sai naiskond kuuenda koha, t\u00e4navusel EM-il oldi viiendad.<\/p>\n<p>Eesti kvartett sai turniiriks seitsmenda asetuse. Esimesest ringist ollakse vabad, teises ringis ehk 32 seas minnakse vastamisi 26. asetusega Rumeeniaga. V\u00f5idu korral kohtutakse kaheksandikfinaalis kas Kanada (10. asetus) v\u00f5i Venezuelaga (23.). V\u00f5imalikus veerandfinaalis on k\u00f5ige t\u00f5en\u00e4olisem vastane Prantsusmaa (2.).<\/p>\n<p>Mat\u0161 Rumeeniaga algab Eesti aja j\u00e4rgi kell 5 varahommikul. Kaheksandikfinaal peetakse kell 7.30 ja veerandfinaal kell 9.<\/p>\n<p>Individuaalturniir ei \u00f5nnestunud \u00fchelgi Eesti naisel. Beljajeva j\u00e4i pidama kvalifikatsiooni, Embrich ja Zuikova kaotasid p\u00f5hiturniiril esimeses ning Lehis teises ringis.<\/p>\n<p>Kuidas see lugu Sind end tundma pani? Saada <a href=\"https:\/\/sport.delfi.ee\/artikkel\/120599986\/teisipaeva-varahommikul-eesti-epeenaiskond-tahab-lopetada-pikale-veninud-medalipoua\/kommentaarid\" class=\"article-body-bottom__comment article-body-bottom__comment--write button button--primary button--size-auto\" rel=\"nofollow noopener\" target=\"_blank\"> Kommenteeri <\/a><a href=\"https:\/\/sport.delfi.ee\/artikkel\/120599986\/teisipaeva-varahommikul-eesti-epeenaiskond-tahab-lopetada-pikale-veninud-medalipoua\/kommentaarid\" class=\"article-body-bottom__comment article-body-bottom__comment--read button button--size-auto\" rel=\"nofollow noopener\" target=\"_blank\"> Loe kommentaare <\/a><\/p>\n","protected":false},"excerpt":{"rendered":"Eesti koosseis on Katrina Lehis, Irina Embrich, Julia Beljajeva ja Veronika Zuikova. Epeenaiskond v\u00f5itis viimati medali 2021. aastal,&hellip;\n","protected":false},"author":2,"featured_media":238197,"comment_status":"","ping_status":"","sticky":false,"template":"","format":"standard","meta":{"footnotes":"","_share_on_mastodon":"0"},"categories":[18],"tags":[37,33,35,34,36,6342,11175,6345,159,158],"class_list":["post-238196","post","type-post","status-publish","format-standard","has-post-thumbnail","category-sport","tag-ee","tag-eesti","tag-eesti-keel","tag-estonia","tag-estonian","tag-irina-embrich","tag-julia-beljajeva","tag-katrina-lehis","tag-sport","tag-sports"],"share_on_mastodon":{"url":"https:\/\/pubeurope.com\/@ee\/116993737771190698","error":""},"_links":{"self":[{"href":"https:\/\/www.europesays.com\/ee\/wp-json\/wp\/v2\/posts\/238196","targetHints":{"allow":["GET"]}}],"collection":[{"href":"https:\/\/www.europesays.com\/ee\/wp-json\/wp\/v2\/posts"}],"about":[{"href":"https:\/\/www.europesays.com\/ee\/wp-json\/wp\/v2\/types\/post"}],"author":[{"embeddable":true,"href":"https:\/\/www.europesays.com\/ee\/wp-json\/wp\/v2\/users\/2"}],"replies":[{"embeddable":true,"href":"https:\/\/www.europesays.com\/ee\/wp-json\/wp\/v2\/comments?post=238196"}],"version-history":[{"count":0,"href":"https:\/\/www.europesays.com\/ee\/wp-json\/wp\/v2\/posts\/238196\/revisions"}],"wp:featuredmedia":[{"embeddable":true,"href":"https:\/\/www.europesays.com\/ee\/wp-json\/wp\/v2\/media\/238197"}],"wp:attachment":[{"href":"https:\/\/www.europesays.com\/ee\/wp-json\/wp\/v2\/media?parent=238196"}],"wp:term":[{"taxonomy":"category","embeddable":true,"href":"https:\/\/www.europesays.com\/ee\/wp-json\/wp\/v2\/categories?post=238196"},{"taxonomy":"post_tag","embeddable":true,"href":"https:\/\/www.europesays.com\/ee\/wp-json\/wp\/v2\/tags?post=238196"}],"curies":[{"name":"wp","href":"https:\/\/api.w.org\/{rel}","templated":true}]}}