{"id":238440,"date":"2026-07-28T06:00:10","date_gmt":"2026-07-28T06:00:10","guid":{"rendered":"https:\/\/www.europesays.com\/ee\/238440\/"},"modified":"2026-07-28T06:00:10","modified_gmt":"2026-07-28T06:00:10","slug":"merz-viis-lopule-nadal-aega-valdanud-valitsusremondi-valismaa","status":"publish","type":"post","link":"https:\/\/www.europesays.com\/ee\/238440\/","title":{"rendered":"Merz viis l\u00f5pule n\u00e4dal aega v\u00e4ldanud valitsusremondi | V\u00e4lismaa"},"content":{"rendered":"<p>Saksamaa kantsler Friedrich Merz vahetas v\u00e4lja transpordiministri ning sellega l\u00f5ppesid n\u00e4dal aega kestnud \u00fcmberkorraldused valitsuses.<\/p>\n<p>Valitsusremondi pani eelmisel n\u00e4dalal k\u00e4ima CDU parlamendifraktsiooni esimehe Jens Spahni tagasiastumine, mis oli tingitud vaidlustest seoses surrogaatema kasutamisega lapse saamiseks.<\/p>\n<p>P\u00e4rast Spahni lahkumist sai parlamendifraktsiooni juhiks Merzi kantselei juht Thorsten Frei. Tema j\u00e4rel nimetati kantselei juhiks senine terviseminister Nina Warken, kellest sai esimene naine sellel m\u00f5jukal ametikohal. Terviseministriks sai omakorda CDU peasekret\u00e4r Carsten Linnemann ning partei uueks peasekret\u00e4riks nimetati Franziska Hoppermann.<\/p>\n<p>Merz vahetas seej\u00e4rel esmasp\u00e4eval v\u00e4lja ka transpordiministri. Merz teatas, et Patrick Schniederi asemel saab transpordiministriks Steffen Bilger. Viimase \u00fclesandeks saab ka riigile kuuluva raudteefirma Deutsche Bahni reformimine.<\/p>\n<p>Merz p\u00f5hjendas ministri v\u00e4ljavahetamist sellega, et p\u00e4rast 500 miljardi euro suuruse taristufondi loomist peab investeeringute elluviimine oluliselt kiirenema. Kantsleri s\u00f5nul tuleb laenurahaga rahastatavad projektid kiiresti k\u00e4ivitada, et anda Saksamaa majandusele uut hoogu, vahendas <a href=\"https:\/\/www.ft.com\/content\/b302894c-ee9f-4081-96ff-735e5836d5d1?syn-25a6b1a6=1\" target=\"_blank\" rel=\"noopener nofollow\">Financial Times<\/a>.<\/p>\n<p>Merz ise on aga \u00fcha suurema surve all, sest Saksamaa majandus on raskustes ning nii kantsleri kui ka tema kodupartei toetus on langenud.<\/p>\n<p>Merz p\u00fc\u00fcdis viimaste muudatustega tugevdada oma murenevat positsiooni, kuid selle asemel on rahulolematus tema parteis hoopis kasvanud. K\u00f5ige rohkem tekitas meelepaha Schniederi v\u00e4ljavahetamine. Minister sai oma vallandamisest teada teksts\u00f5numi teel.<\/p>\n<p>&#8220;Viis, kuidas Schniederit koheldakse, h\u00e4irib ja vihastab mind,&#8221; kirjutas sotsiaalmeedias Peter Altmaier, kes oli Angela Merkeli valitsuses majandusminister. Altmaieri postitust jagas seej\u00e4rel Gordon Schnieder, kes on Reinimaa-Pfalzi liidumaa peaminister ja vallandatud transpordiministri vend.<\/p>\n","protected":false},"excerpt":{"rendered":"Saksamaa kantsler Friedrich Merz vahetas v\u00e4lja transpordiministri ning sellega l\u00f5ppesid n\u00e4dal aega kestnud \u00fcmberkorraldused valitsuses. Valitsusremondi pani eelmisel&hellip;\n","protected":false},"author":2,"featured_media":238441,"comment_status":"","ping_status":"","sticky":false,"template":"","format":"standard","meta":{"footnotes":"","_share_on_mastodon":"0"},"categories":[80],"tags":[26,27,6721,37,33,35,34,36,31,32,1142,21,28,29,95,19,25,51,23,24,22,20,5719,30,92,93,94],"class_list":["post-238440","post","type-post","status-publish","format-standard","has-post-thumbnail","category-maailm","tag-breaking-news","tag-breakingnews","tag-cdu","tag-ee","tag-eesti","tag-eesti-keel","tag-estonia","tag-estonian","tag-featured-news","tag-featurednews","tag-friedrich-merz","tag-headlines","tag-latest-news","tag-latestnews","tag-maailm","tag-news","tag-populaarseimad-lood","tag-saksamaa","tag-top-stories","tag-topstories","tag-uldised-uudised","tag-uudised","tag-valitsusremont","tag-viimased-uudised","tag-world","tag-world-news","tag-worldnews"],"share_on_mastodon":{"url":"https:\/\/pubeurope.com\/@ee\/116996081199478057","error":""},"_links":{"self":[{"href":"https:\/\/www.europesays.com\/ee\/wp-json\/wp\/v2\/posts\/238440","targetHints":{"allow":["GET"]}}],"collection":[{"href":"https:\/\/www.europesays.com\/ee\/wp-json\/wp\/v2\/posts"}],"about":[{"href":"https:\/\/www.europesays.com\/ee\/wp-json\/wp\/v2\/types\/post"}],"author":[{"embeddable":true,"href":"https:\/\/www.europesays.com\/ee\/wp-json\/wp\/v2\/users\/2"}],"replies":[{"embeddable":true,"href":"https:\/\/www.europesays.com\/ee\/wp-json\/wp\/v2\/comments?post=238440"}],"version-history":[{"count":0,"href":"https:\/\/www.europesays.com\/ee\/wp-json\/wp\/v2\/posts\/238440\/revisions"}],"wp:featuredmedia":[{"embeddable":true,"href":"https:\/\/www.europesays.com\/ee\/wp-json\/wp\/v2\/media\/238441"}],"wp:attachment":[{"href":"https:\/\/www.europesays.com\/ee\/wp-json\/wp\/v2\/media?parent=238440"}],"wp:term":[{"taxonomy":"category","embeddable":true,"href":"https:\/\/www.europesays.com\/ee\/wp-json\/wp\/v2\/categories?post=238440"},{"taxonomy":"post_tag","embeddable":true,"href":"https:\/\/www.europesays.com\/ee\/wp-json\/wp\/v2\/tags?post=238440"}],"curies":[{"name":"wp","href":"https:\/\/api.w.org\/{rel}","templated":true}]}}