{"id":238478,"date":"2026-07-28T06:55:08","date_gmt":"2026-07-28T06:55:08","guid":{"rendered":"https:\/\/www.europesays.com\/ee\/238478\/"},"modified":"2026-07-28T06:55:08","modified_gmt":"2026-07-28T06:55:08","slug":"enefiti-rakenduses-saab-nuud-kasutada-ka-eleporti-elektriautode-laadijaid","status":"publish","type":"post","link":"https:\/\/www.europesays.com\/ee\/238478\/","title":{"rendered":"Enefiti rakenduses saab n\u00fc\u00fcd kasutada ka Eleporti elektriautode laadijaid"},"content":{"rendered":"<p class=\"x_MsoNormal\">Eleport on esimene laadimisv\u00f5rk, mille laadijad on sellisel viisil integreeritud Enefit laadimisrakendusse. Koost\u00f6\u00f6ga tehakse algust Eestis, mis on m\u00f5lema ettev\u00f5tte koduturg. Tulevikus on plaan laiendada lahendust ka teistesse riikidesse, kus m\u00f5lemad ettev\u00f5tted tegutsevad.<\/p>\n<p class=\"x_MsoNormal\"> \u201eMeie eesm\u00e4rk on muuta elektriauto laadimine klientide jaoks v\u00f5imalikult lihtsaks. Koost\u00f6\u00f6 Eleportiga on esimene samm selles suunas ning n\u00e4eme tulevikus v\u00f5imalust teha sarnast koost\u00f6\u00f6d ka teiste partneritega,\u201c \u00fctles Enefit e-mobiilsuse \u00e4riarenduse juht Robert Kutsar.<\/p>\n<p class=\"x_MsoNormal\">\u201eMeie laadijate n\u00e4htavaks tegemine Enefit laadimisrakenduses muudab laadimise Eestis juhtide jaoks lihtsamaks ning n\u00e4itab, kuidas meie hinnangul turg areneb. Kui teenusepakkujad teevad koost\u00f6\u00f6d, muutub elektriautode laadimine k\u00f5igi jaoks mugavamaks,\u201c \u00fctles Eleporti Eesti juht Kaupo Eerme.<\/p>\n<p class=\"x_MsoNormal\">Teenuse k\u00e4ivitumisel on Eleporti laadijad k\u00e4ttesaadavad k\u00f5igile Enefit klientidele Eestis. Koost\u00f6\u00f6 laienedes lisandub laadimisv\u00f5imalusi ka teistel turgudel.<\/p>\n<p>Kuidas see lugu Sind end tundma pani? Saada <\/p>\n","protected":false},"excerpt":{"rendered":"Eleport on esimene laadimisv\u00f5rk, mille laadijad on sellisel viisil integreeritud Enefit laadimisrakendusse. Koost\u00f6\u00f6ga tehakse algust Eestis, mis on&hellip;\n","protected":false},"author":2,"featured_media":238479,"comment_status":"","ping_status":"","sticky":false,"template":"","format":"standard","meta":{"footnotes":"","_share_on_mastodon":"0"},"categories":[14],"tags":[131,130,37,33,35,94831,7039,34,36],"class_list":["post-238478","post","type-post","status-publish","format-standard","has-post-thumbnail","category-ari","tag-ari","tag-business","tag-ee","tag-eesti","tag-eesti-keel","tag-eleport","tag-enefit","tag-estonia","tag-estonian"],"share_on_mastodon":{"url":"https:\/\/pubeurope.com\/@ee\/116996297494694248","error":""},"_links":{"self":[{"href":"https:\/\/www.europesays.com\/ee\/wp-json\/wp\/v2\/posts\/238478","targetHints":{"allow":["GET"]}}],"collection":[{"href":"https:\/\/www.europesays.com\/ee\/wp-json\/wp\/v2\/posts"}],"about":[{"href":"https:\/\/www.europesays.com\/ee\/wp-json\/wp\/v2\/types\/post"}],"author":[{"embeddable":true,"href":"https:\/\/www.europesays.com\/ee\/wp-json\/wp\/v2\/users\/2"}],"replies":[{"embeddable":true,"href":"https:\/\/www.europesays.com\/ee\/wp-json\/wp\/v2\/comments?post=238478"}],"version-history":[{"count":0,"href":"https:\/\/www.europesays.com\/ee\/wp-json\/wp\/v2\/posts\/238478\/revisions"}],"wp:featuredmedia":[{"embeddable":true,"href":"https:\/\/www.europesays.com\/ee\/wp-json\/wp\/v2\/media\/238479"}],"wp:attachment":[{"href":"https:\/\/www.europesays.com\/ee\/wp-json\/wp\/v2\/media?parent=238478"}],"wp:term":[{"taxonomy":"category","embeddable":true,"href":"https:\/\/www.europesays.com\/ee\/wp-json\/wp\/v2\/categories?post=238478"},{"taxonomy":"post_tag","embeddable":true,"href":"https:\/\/www.europesays.com\/ee\/wp-json\/wp\/v2\/tags?post=238478"}],"curies":[{"name":"wp","href":"https:\/\/api.w.org\/{rel}","templated":true}]}}