{"id":238556,"date":"2026-07-28T08:14:08","date_gmt":"2026-07-28T08:14:08","guid":{"rendered":"https:\/\/www.europesays.com\/ee\/238556\/"},"modified":"2026-07-28T08:14:08","modified_gmt":"2026-07-28T08:14:08","slug":"fotod-vosu-rannafestivali-juubelipidu-jatkus-voimsalt-vaata-teise-paeva-meeleolukamaid-hetki","status":"publish","type":"post","link":"https:\/\/www.europesays.com\/ee\/238556\/","title":{"rendered":"FOTOD | V\u00f5su Rannafestivali juubelipidu j\u00e4tkus v\u00f5imsalt: vaata teise p\u00e4eva meeleolukamaid hetki"},"content":{"rendered":"<p>Kahe p\u00e4eva jooksul muutus V\u00f5su rand taas \u00fcheks Eesti suurimaks suviseks peopaigaks, kus kohtusid meri, muusika, p\u00e4ikeseloojangud ja tuhanded festivalik\u00fclastajad. T\u00e4navu t\u00e4histas V\u00f5su Rannafestival oma 15. s\u00fcnnip\u00e4eva ning juubeli puhul avati kahe lavaga senisest suurem festivaliala.<\/p>\n<p>Festivali teisel p\u00e4eval algas muusikaprogramm juba p\u00e4rastl\u00f5unal. Lavale astusid R\u00e4mmar, Qotid, K\u00fcberr\u00fcnnak ja Karmo, 35maffia, s\u00e4m, Triibupasta, Hunt, Kermo Murel, <a rel=\"noopener nofollow\" target=\"_blank\" href=\"https:\/\/www.delfi.ee\/teema\/73630887\/pur-mudd\" tag-id=\"73630887\">P\u00far M\u00fadd<\/a> ja <a rel=\"noopener nofollow\" target=\"_blank\" href=\"https:\/\/www.delfi.ee\/teema\/65689052\/grete-paia\" tag-id=\"65689052\">Grete Paia<\/a>, <a rel=\"noopener nofollow\" target=\"_blank\" href=\"https:\/\/www.delfi.ee\/teema\/72239409\/noep\" tag-id=\"72239409\">NO\u00cbP<\/a> ja <a rel=\"noopener nofollow\" target=\"_blank\" href=\"https:\/\/www.delfi.ee\/teema\/66796665\/tommy-cash\" tag-id=\"66796665\">Tommy Cash<\/a>.<\/p>\n<p>Suvine rannamelu, hoogne muusika ja v\u00e4rvikad kost\u00fc\u00fcmid hoidsid festivalimeeleolu \u00fcleval hiliste \u00f6\u00f6tundideni. Vaata galeriist, millised artistid lavale astusid ja kes festivalik\u00fclalistest fotograafi kaamerasilma j\u00e4id!<\/p>\n<p>Kuidas see lugu Sind end tundma pani? Saada <a href=\"https:\/\/kroonika.delfi.ee\/artikkel\/120600020\/fotod-vosu-rannafestivali-juubelipidu-jatkus-voimsalt-vaata-teise-paeva-meeleolukamaid-hetki\/kommentaarid\" class=\"article-body-bottom__comment article-body-bottom__comment--write button button--primary button--size-auto\" rel=\"nofollow noopener\" target=\"_blank\"> Kommenteeri <\/a><a href=\"https:\/\/kroonika.delfi.ee\/artikkel\/120600020\/fotod-vosu-rannafestivali-juubelipidu-jatkus-voimsalt-vaata-teise-paeva-meeleolukamaid-hetki\/kommentaarid\" class=\"article-body-bottom__comment article-body-bottom__comment--read button button--size-auto\" rel=\"nofollow noopener\" target=\"_blank\"> Loe kommentaare (2)<\/a><\/p>\n","protected":false},"excerpt":{"rendered":"Kahe p\u00e4eva jooksul muutus V\u00f5su rand taas \u00fcheks Eesti suurimaks suviseks peopaigaks, kus kohtusid meri, muusika, p\u00e4ikeseloojangud ja&hellip;\n","protected":false},"author":2,"featured_media":238557,"comment_status":"","ping_status":"","sticky":false,"template":"","format":"standard","meta":{"footnotes":"","_share_on_mastodon":"0"},"categories":[12],"tags":[26,27,37,33,35,34,36,31,32,840,21,28,29,19,16538,25,7452,242,23,24,22,20,30,94769],"class_list":["post-238556","post","type-post","status-publish","format-standard","has-post-thumbnail","category-eesti","tag-breaking-news","tag-breakingnews","tag-ee","tag-eesti","tag-eesti-keel","tag-estonia","tag-estonian","tag-featured-news","tag-featurednews","tag-grete-paia","tag-headlines","tag-latest-news","tag-latestnews","tag-news","tag-noep","tag-populaarseimad-lood","tag-pur-mudd","tag-tommy-cash","tag-top-stories","tag-topstories","tag-uldised-uudised","tag-uudised","tag-viimased-uudised","tag-vosu-rannafestival"],"share_on_mastodon":{"url":"https:\/\/pubeurope.com\/@ee\/116996608112354174","error":""},"_links":{"self":[{"href":"https:\/\/www.europesays.com\/ee\/wp-json\/wp\/v2\/posts\/238556","targetHints":{"allow":["GET"]}}],"collection":[{"href":"https:\/\/www.europesays.com\/ee\/wp-json\/wp\/v2\/posts"}],"about":[{"href":"https:\/\/www.europesays.com\/ee\/wp-json\/wp\/v2\/types\/post"}],"author":[{"embeddable":true,"href":"https:\/\/www.europesays.com\/ee\/wp-json\/wp\/v2\/users\/2"}],"replies":[{"embeddable":true,"href":"https:\/\/www.europesays.com\/ee\/wp-json\/wp\/v2\/comments?post=238556"}],"version-history":[{"count":0,"href":"https:\/\/www.europesays.com\/ee\/wp-json\/wp\/v2\/posts\/238556\/revisions"}],"wp:featuredmedia":[{"embeddable":true,"href":"https:\/\/www.europesays.com\/ee\/wp-json\/wp\/v2\/media\/238557"}],"wp:attachment":[{"href":"https:\/\/www.europesays.com\/ee\/wp-json\/wp\/v2\/media?parent=238556"}],"wp:term":[{"taxonomy":"category","embeddable":true,"href":"https:\/\/www.europesays.com\/ee\/wp-json\/wp\/v2\/categories?post=238556"},{"taxonomy":"post_tag","embeddable":true,"href":"https:\/\/www.europesays.com\/ee\/wp-json\/wp\/v2\/tags?post=238556"}],"curies":[{"name":"wp","href":"https:\/\/api.w.org\/{rel}","templated":true}]}}