{"id":238590,"date":"2026-07-28T08:55:07","date_gmt":"2026-07-28T08:55:07","guid":{"rendered":"https:\/\/www.europesays.com\/ee\/238590\/"},"modified":"2026-07-28T08:55:07","modified_gmt":"2026-07-28T08:55:07","slug":"otse-kell-11-jalgpalliklubide-ime-voi-loogiline-palk-mis-juhtus-katrina-lehisega-aitah-janek-oiglane","status":"publish","type":"post","link":"https:\/\/www.europesays.com\/ee\/238590\/","title":{"rendered":"OTSE KELL 11 | Jalgpalliklubide ime v\u00f5i loogiline palk? Mis juhtus Katrina Lehisega? Ait\u00e4h, Janek \u00d5iglane!"},"content":{"rendered":"<p>28. juuli \u201eMehed ei nuta\u201c peateemad:<\/p>\n<ul>\n<li>\n<p class=\"p1\">Eesti jalgpalliklubid \u00fcllatasid eurosarjas veel \u00fche n\u00e4dala, neljas eurokoht on peaaegu vormistatud. Mis on edu taga?<\/p>\n<\/li>\n<li>\n<p class=\"p1\">Kergej\u00f5ustiku Eesti meistriv\u00f5istlused t\u00f5id v\u00e4he tipptulemusi, aga rohkelt huvitavaid intervjuusid: Janek \u00d5iglane kuulutas karj\u00e4\u00e4ri l\u00f5ppenuks, Johannes Ermi vorm on k\u00fcsim\u00e4rk, Rasmus M\u00e4gi tuleviku osas palju k\u00fcsim\u00e4rke.<\/p>\n<\/li>\n<li>\n<p class=\"p1\">Eesti \u00fcks tuntumaid kergej\u00f5ustikutreenereid Taivo M\u00e4gi s\u00f5itis autoga purjus peaga vastu puud, v\u00f5ttis vastutuse ning lahkub \u00fclikooli spordiklubi ametist. <\/p>\n<\/li>\n<li>\n<p class=\"p1\">Erki Nool ja Saga Vanninen l\u00f5petasid \u00fcliedukalt alanud, kuid t\u00e4navu konarlikuks muutunud koost\u00f6\u00f6. Mis juhtus?<\/p>\n<\/li>\n<li>\n<p class=\"p1\">Katrina Lehis ei j\u00f5udnud vehklemise MMil 16 parema hulka. Mis juhtus? Kas naiskond teeb selle tasa?<\/p>\n<\/li>\n<li>\n<p class=\"p1\">Kristian Kullam\u00e4e liitub EuroCupis ja Aadria liigas m\u00e4ngiva Rumeenia tippklubiga Cluj-Napoca. Kuidas seda hinnata?<\/p>\n<\/li>\n<li>\n<p class=\"p1\">Mis on Soome MM-ralli v\u00f5tmek\u00fcsimused?<\/p>\n<\/li>\n<li>\n<p class=\"p1\">Sebastien Oger kutsub \u00fcles reegleid muutma: kiiretel kruusarallidel on teepuhastamise efekt liiga suur! Kas vanameistril on \u00f5igus?<\/p>\n<\/li>\n<\/ul>\n<p class=\"p1\">Saadet \u201eMehed ei nuta\u201c saavad j\u00e4relvaadata ja -kuulata Delfi Kogupaketi tellijad. Mugavamaks j\u00e4relkuulamiseks laadi alla uus Delfi Tasku rakendus, kus saad asuda saate j\u00e4lgijaks ja valida teisi lemmikuid, saada teavitusi uute osade ilmumise kohta, j\u00e4tkata saate kuulamist pooleli j\u00e4\u00e4nud kohast, laadida episoode alla, kasutada Apple CarPlay\u2019d v\u00f5i Android Autot.<\/p>\n<p><a href=\"https:\/\/sport.delfi.ee\/artikkel\/120600034\/otse-kell-11-jalgpalliklubide-ime-voi-loogiline-palk-mis-juhtus-katrina-lehisega-aitah-janek-oiglane\/kommentaarid\" class=\"article-body-bottom__comment article-body-bottom__comment--write button button--primary button--size-auto\" rel=\"nofollow noopener\" target=\"_blank\"> Kommenteeri <\/a><a href=\"https:\/\/sport.delfi.ee\/artikkel\/120600034\/otse-kell-11-jalgpalliklubide-ime-voi-loogiline-palk-mis-juhtus-katrina-lehisega-aitah-janek-oiglane\/kommentaarid\" class=\"article-body-bottom__comment article-body-bottom__comment--read button button--size-auto\" rel=\"nofollow noopener\" target=\"_blank\"> Loe kommentaare (7)<\/a><\/p>\n","protected":false},"excerpt":{"rendered":"28. juuli \u201eMehed ei nuta\u201c peateemad: Eesti jalgpalliklubid \u00fcllatasid eurosarjas veel \u00fche n\u00e4dala, neljas eurokoht on peaaegu vormistatud.&hellip;\n","protected":false},"author":2,"featured_media":238591,"comment_status":"","ping_status":"","sticky":false,"template":"","format":"standard","meta":{"footnotes":"","_share_on_mastodon":"0"},"categories":[18],"tags":[37,33,35,34,36,704,6345,159,158],"class_list":["post-238590","post","type-post","status-publish","format-standard","has-post-thumbnail","category-sport","tag-ee","tag-eesti","tag-eesti-keel","tag-estonia","tag-estonian","tag-janek-oiglane","tag-katrina-lehis","tag-sport","tag-sports"],"share_on_mastodon":{"url":"https:\/\/pubeurope.com\/@ee\/116996769521165828","error":""},"_links":{"self":[{"href":"https:\/\/www.europesays.com\/ee\/wp-json\/wp\/v2\/posts\/238590","targetHints":{"allow":["GET"]}}],"collection":[{"href":"https:\/\/www.europesays.com\/ee\/wp-json\/wp\/v2\/posts"}],"about":[{"href":"https:\/\/www.europesays.com\/ee\/wp-json\/wp\/v2\/types\/post"}],"author":[{"embeddable":true,"href":"https:\/\/www.europesays.com\/ee\/wp-json\/wp\/v2\/users\/2"}],"replies":[{"embeddable":true,"href":"https:\/\/www.europesays.com\/ee\/wp-json\/wp\/v2\/comments?post=238590"}],"version-history":[{"count":0,"href":"https:\/\/www.europesays.com\/ee\/wp-json\/wp\/v2\/posts\/238590\/revisions"}],"wp:featuredmedia":[{"embeddable":true,"href":"https:\/\/www.europesays.com\/ee\/wp-json\/wp\/v2\/media\/238591"}],"wp:attachment":[{"href":"https:\/\/www.europesays.com\/ee\/wp-json\/wp\/v2\/media?parent=238590"}],"wp:term":[{"taxonomy":"category","embeddable":true,"href":"https:\/\/www.europesays.com\/ee\/wp-json\/wp\/v2\/categories?post=238590"},{"taxonomy":"post_tag","embeddable":true,"href":"https:\/\/www.europesays.com\/ee\/wp-json\/wp\/v2\/tags?post=238590"}],"curies":[{"name":"wp","href":"https:\/\/api.w.org\/{rel}","templated":true}]}}