{"id":238722,"date":"2026-07-28T11:22:25","date_gmt":"2026-07-28T11:22:25","guid":{"rendered":"https:\/\/www.europesays.com\/ee\/238722\/"},"modified":"2026-07-28T11:22:25","modified_gmt":"2026-07-28T11:22:25","slug":"mees-kaotas-tanu-odavale-suupistele-kehakaalust-50-kilogrammi","status":"publish","type":"post","link":"https:\/\/www.europesays.com\/ee\/238722\/","title":{"rendered":"Mees kaotas t\u00e4nu odavale suupistele kehakaalust 50 kilogrammi"},"content":{"rendered":"<p>P\u00e4rast aastaid kestnud eba\u00f5nnestunud kaalulangetuskatseid leidis Londonis elav 46-aastane Adam meetodi, mis ei osutunud mitte ainult \u00fclimalt t\u00f5husaks, vaid ka \u00e4\u00e4rmiselt taskukohaseks. Muutes oma toitumisharjumusi ning lisades men\u00fc\u00fcsse lihtsa ja odava sn\u00e4ki, kaotas ta k\u00f5igest seitsme kuuga ligi 50 kilogrammi. Mehe kaal langes 123,3 kilogrammilt 73,5 kilogrammile.<\/p>\n","protected":false},"excerpt":{"rendered":"P\u00e4rast aastaid kestnud eba\u00f5nnestunud kaalulangetuskatseid leidis Londonis elav 46-aastane Adam meetodi, mis ei osutunud mitte ainult \u00fclimalt t\u00f5husaks,&hellip;\n","protected":false},"author":2,"featured_media":238723,"comment_status":"","ping_status":"","sticky":false,"template":"","format":"standard","meta":{"footnotes":"","_share_on_mastodon":"0"},"categories":[5],"tags":[26,27,15894,37,33,35,34,36,31,32,21,2120,3405,11417,28,29,19,25,94837,7861,23,24,22,20,30],"class_list":["post-238722","post","type-post","status-publish","format-standard","has-post-thumbnail","category-uldised-uudised","tag-breaking-news","tag-breakingnews","tag-dieet","tag-ee","tag-eesti","tag-eesti-keel","tag-estonia","tag-estonian","tag-featured-news","tag-featurednews","tag-headlines","tag-kaalulangetus","tag-kaalulangus","tag-kehakaalu-langetamine","tag-latest-news","tag-latestnews","tag-news","tag-populaarseimad-lood","tag-riisigalett","tag-tervislik-toitumine","tag-top-stories","tag-topstories","tag-uldised-uudised","tag-uudised","tag-viimased-uudised"],"share_on_mastodon":{"url":"https:\/\/pubeurope.com\/@ee\/116997347342585480","error":""},"_links":{"self":[{"href":"https:\/\/www.europesays.com\/ee\/wp-json\/wp\/v2\/posts\/238722","targetHints":{"allow":["GET"]}}],"collection":[{"href":"https:\/\/www.europesays.com\/ee\/wp-json\/wp\/v2\/posts"}],"about":[{"href":"https:\/\/www.europesays.com\/ee\/wp-json\/wp\/v2\/types\/post"}],"author":[{"embeddable":true,"href":"https:\/\/www.europesays.com\/ee\/wp-json\/wp\/v2\/users\/2"}],"replies":[{"embeddable":true,"href":"https:\/\/www.europesays.com\/ee\/wp-json\/wp\/v2\/comments?post=238722"}],"version-history":[{"count":0,"href":"https:\/\/www.europesays.com\/ee\/wp-json\/wp\/v2\/posts\/238722\/revisions"}],"wp:featuredmedia":[{"embeddable":true,"href":"https:\/\/www.europesays.com\/ee\/wp-json\/wp\/v2\/media\/238723"}],"wp:attachment":[{"href":"https:\/\/www.europesays.com\/ee\/wp-json\/wp\/v2\/media?parent=238722"}],"wp:term":[{"taxonomy":"category","embeddable":true,"href":"https:\/\/www.europesays.com\/ee\/wp-json\/wp\/v2\/categories?post=238722"},{"taxonomy":"post_tag","embeddable":true,"href":"https:\/\/www.europesays.com\/ee\/wp-json\/wp\/v2\/tags?post=238722"}],"curies":[{"name":"wp","href":"https:\/\/api.w.org\/{rel}","templated":true}]}}