{"id":238750,"date":"2026-07-28T11:53:10","date_gmt":"2026-07-28T11:53:10","guid":{"rendered":"https:\/\/www.europesays.com\/ee\/238750\/"},"modified":"2026-07-28T11:53:10","modified_gmt":"2026-07-28T11:53:10","slug":"koolid-otsivad-tikutulega-taga-matemaatika-ja-klassiopetajaid-eesti","status":"publish","type":"post","link":"https:\/\/www.europesays.com\/ee\/238750\/","title":{"rendered":"Koolid otsivad tikutulega taga matemaatika- ja klassi\u00f5petajaid | Eesti"},"content":{"rendered":"<p>Eesti koolid otsivad avalike t\u00f6\u00f6kuulutustega k\u00f5ige enam taga matemaatika\u00f5petajaid ja klassi\u00f5petajaid algklassidele, kuid v\u00e4ga n\u00f5utud on ka muusika\u00f5petajad. K\u00f5ige enam on t\u00e4itmata t\u00f6\u00f6kohti Tallinnas ja Harjumaal, kuid ka L\u00e4\u00e4ne-Virumaal ja Tartumaal on \u00f5petajaid tihti puudu.<\/p>\n<p>\u00d5petajate Lehe t\u00f6\u00f6kuulutuste rubriigis otsivad koolid 147 haridust\u00f6\u00f6tajat ehk 134 \u00f5petajat ja 13 eripedagoogi v\u00f5i kooli tugit\u00f6\u00f6tajat.<\/p>\n<p>Kokku on aktiivseid pakkumisi 92. Kuigi m\u00f5ned reklaamitavatest ametikohtadest v\u00f5ivad praeguse seisuga juba t\u00e4idetud olla, siis annavad need andmed hea \u00fclevaate, mis valdkonna \u00f5petajad millistes Eesti omavalitsustes on k\u00f5ige enam n\u00f5utud.<\/p>\n<p>Nelja \u00f5petajat otsiva Tallinna T\u00f5nism\u00e4e riigig\u00fcmnaasiumi direktor Olga Seli\u0161t\u0161eva \u00fctles, et suures n\u00f5udmises \u00f5petajate j\u00e4rele pole midagi uut. &#8220;See oli samamoodi eelmisel ja \u00fcle-eelmisel aastal. See on iga-aastane olukord,&#8221; s\u00f5nas ta.<\/p>\n<p>Seli\u0161t\u0161eva s\u00f5nul v\u00f5ib suur \u00f5petajakutsele p\u00fcrgivate inimeste arv j\u00e4tta mulje, et uusi \u00f5petajaid tuleb koolidesse palju juurde, kuid tegelikkuses l\u00e4hevad k\u00f5rgkooli \u00f5petajaks \u00f5ppima peamiselt need, kes juba t\u00f6\u00f6tavad koolides ja kes soovivad kutset omandada.<\/p>\n<p>&#8220;Uusi ei tule ja see on probleem,&#8221; lausus ta.<\/p>\n<p>Maakondade l\u00f5ikes on k\u00f5ige rohkem vabu t\u00f6\u00f6kohti Harjumaal, kus on 32 t\u00f6\u00f6pakkumist. L\u00e4\u00e4ne-Virumaal otsitakse 12 ja Tartumaal 10 haridust\u00f6\u00f6tajat.<\/p>\n<p>P\u00e4rnumaal ja J\u00e4rvamaal on kummaski viis, Ida-Virumaal neli, J\u00f5gevamaal, P\u00f5lvamaal ning Valgamaal igas kolm t\u00f6\u00f6pakkumist. Raplamaal, Viljandimaal ja V\u00f5rumaal on igas kaks ning L\u00e4\u00e4nemaal \u00fcks vaba ametikoht.<\/p>\n<p>Ametikohtade poolest on k\u00f5ige enam kuulutusi klassi\u00f5petajate leidmiseks, keda otsitakse 34 t\u00f6\u00f6kohale. Aine\u00f5petajatest on k\u00f5ige rohkem pakkumisi matemaatika\u00f5petajatele, keda otsitakse 26 kuulutuses.<\/p>\n<p>Inglise keele \u00f5petajaid otsitakse 19 ja muusika\u00f5petajaid 15 ametikohale. Eesti keele ja kirjanduse \u00f5petajatele on 11 ning eesti keele \u00f5petajatele neli pakkumist.<\/p>\n<p>F\u00fc\u00fcsika\u00f5petajaid otsitakse kaheksale ja keemia\u00f5petajaid neljale kohale, millele lisandub \u00fcks liidetud f\u00fc\u00fcsika- v\u00f5i keemia\u00f5petaja kuulutus.<\/p>\n<p>Tugispetsialistide ja erivajadustega \u00f5pilaste \u00f5petamisega seotud ametikohtade hulgas on k\u00f5ige enam t\u00f6\u00f6pakkumisi logopeedidele, keda otsitakse 19 asutusse.<\/p>\n<p>Koolips\u00fchholoogidele on suunatud 10 ja ps\u00fchholoogidele viis kuulutust. Eripedagooge otsitakse 13 t\u00f6\u00f6kohale. Lisaks on avaldatud mitu pakkumist eriklasside ja v\u00e4ikeklasside \u00f5petajatele, sealhulgas seitse kuulutust v\u00e4ikeklassi\u00f5petajatele ja viis eriklassi klassi\u00f5petajatele. Sotsiaalpedagooge otsitakse kuuele ametikohale.<\/p>\n<p>Mitmel juhul vajatakse kooli rohkem kui \u00fcht uut \u00f5petajat.<\/p>\n<p>N\u00e4iteks on Harjumaa koolidest on 7. juulil avaldanud pakkumised Laagri kool ja M\u00f6ldre kool, kus vajatakse eriklassi klassi\u00f5petajat, hispaania keele \u00f5petajat, keemia\u00f5petajat, klassi\u00f5petajat ja loodusainete \u00f5petajat. Kadrioru saksa g\u00fcmnaasium otsib 4. juuli seisuga klassi\u00f5petajat, logopeedi, matemaatika\u00f5petajat ja saksa keele \u00f5petajat.<\/p>\n<p>Valgamaal asuv Valga p\u00f5hikool otsib 15. juuli seisuga kaheksat spetsialisti, kelleks on eesti keele ja kirjanduse \u00f5petaja, individuaal\u00f5petaja, inglise keele \u00f5petaja, logopeed, matemaatika\u00f5petaja, ps\u00fchholoog, tugikeskuse juht ja v\u00e4ikeklassi\u00f5petaja.<\/p>\n<p>Ida-Virumaal asuv J\u00f5hvi p\u00f5hikool otsib juulikuu jooksul avaldatud kahe kuulutusega informaatika\u00f5petajat, karj\u00e4\u00e4ri\u00f5petuse \u00f5petajat, kehalise kasvatuse \u00f5petajat, \u00fchiskonna\u00f5petuse \u00f5petajat, ettev\u00f5tlus\u00f5petajat, inimese\u00f5petuse \u00f5petajat ja matemaatika\u00f5petajat.<\/p>\n","protected":false},"excerpt":{"rendered":"Eesti koolid otsivad avalike t\u00f6\u00f6kuulutustega k\u00f5ige enam taga matemaatika\u00f5petajaid ja klassi\u00f5petajaid algklassidele, kuid v\u00e4ga n\u00f5utud on ka muusika\u00f5petajad.&hellip;\n","protected":false},"author":2,"featured_media":238751,"comment_status":"","ping_status":"","sticky":false,"template":"","format":"standard","meta":{"footnotes":"","_share_on_mastodon":"0"},"categories":[80],"tags":[26,27,37,33,35,34,36,31,32,90886,21,4057,28,29,95,19,408,9010,25,94886,23,24,22,20,30,92,93,94],"class_list":["post-238750","post","type-post","status-publish","format-standard","has-post-thumbnail","category-maailm","tag-breaking-news","tag-breakingnews","tag-ee","tag-eesti","tag-eesti-keel","tag-estonia","tag-estonian","tag-featured-news","tag-featurednews","tag-haridusasutused","tag-headlines","tag-koolid","tag-latest-news","tag-latestnews","tag-maailm","tag-news","tag-opetajad","tag-opetajate-puudus","tag-populaarseimad-lood","tag-tookuulutused","tag-top-stories","tag-topstories","tag-uldised-uudised","tag-uudised","tag-viimased-uudised","tag-world","tag-world-news","tag-worldnews"],"share_on_mastodon":{"url":"https:\/\/pubeurope.com\/@ee\/116997469306801019","error":""},"_links":{"self":[{"href":"https:\/\/www.europesays.com\/ee\/wp-json\/wp\/v2\/posts\/238750","targetHints":{"allow":["GET"]}}],"collection":[{"href":"https:\/\/www.europesays.com\/ee\/wp-json\/wp\/v2\/posts"}],"about":[{"href":"https:\/\/www.europesays.com\/ee\/wp-json\/wp\/v2\/types\/post"}],"author":[{"embeddable":true,"href":"https:\/\/www.europesays.com\/ee\/wp-json\/wp\/v2\/users\/2"}],"replies":[{"embeddable":true,"href":"https:\/\/www.europesays.com\/ee\/wp-json\/wp\/v2\/comments?post=238750"}],"version-history":[{"count":0,"href":"https:\/\/www.europesays.com\/ee\/wp-json\/wp\/v2\/posts\/238750\/revisions"}],"wp:featuredmedia":[{"embeddable":true,"href":"https:\/\/www.europesays.com\/ee\/wp-json\/wp\/v2\/media\/238751"}],"wp:attachment":[{"href":"https:\/\/www.europesays.com\/ee\/wp-json\/wp\/v2\/media?parent=238750"}],"wp:term":[{"taxonomy":"category","embeddable":true,"href":"https:\/\/www.europesays.com\/ee\/wp-json\/wp\/v2\/categories?post=238750"},{"taxonomy":"post_tag","embeddable":true,"href":"https:\/\/www.europesays.com\/ee\/wp-json\/wp\/v2\/tags?post=238750"}],"curies":[{"name":"wp","href":"https:\/\/api.w.org\/{rel}","templated":true}]}}