{"id":238768,"date":"2026-07-28T12:14:11","date_gmt":"2026-07-28T12:14:11","guid":{"rendered":"https:\/\/www.europesays.com\/ee\/238768\/"},"modified":"2026-07-28T12:14:11","modified_gmt":"2026-07-28T12:14:11","slug":"bolt-solmis-20-miljoni-eurose-finantskokkuleppe-et-hakata-ise-autoparki-rajama","status":"publish","type":"post","link":"https:\/\/www.europesays.com\/ee\/238768\/","title":{"rendered":"Bolt s\u00f5lmis 20 miljoni eurose finantskokkuleppe, et hakata ise autoparki rajama"},"content":{"rendered":"<p>Teiseks t\u00e4hendab kokkulepe muutust Bolt Drive\u2019i senises tegevusmudelis. Kui varem tugines teenus suuresti partnerite autoparkidele, siis Poolast saab esimene riik, kus Bolt hangib s\u00f5idukid ise ning v\u00f5tab need enda hallatavasse autoparki.<\/p>\n<p>Ettev\u00f5tte hinnangul annab uus mudel suurema kontrolli selle \u00fcle, milliseid autosid teenuses pakutakse, kui kiiresti autoparki laiendatakse ning millist kvaliteeti klientidele pakkuda. See v\u00f5imaldab tuua teenusesse uued s\u00f5idukid kohe selle laienemise alguses ning kasvatada autoparki vastavalt n\u00f5udlusele.<\/p>\n<p>Bolt Drive\u2019i aktiivsete kasutajate arv on viimase kolme aasta jooksul peaaegu kolmekordistunud ning 2025. aastal tehti teenusega 40% rohkem s\u00f5ite kui 2023. aastal. Kokku on Bolt Drive\u2019i kasutajad Euroopas teinud \u00fcle 22 miljoni s\u00f5idu.<\/p>\n<p>Kuidas see lugu Sind end tundma pani? Saada <\/p>\n","protected":false},"excerpt":{"rendered":"Teiseks t\u00e4hendab kokkulepe muutust Bolt Drive\u2019i senises tegevusmudelis. Kui varem tugines teenus suuresti partnerite autoparkidele, siis Poolast saab&hellip;\n","protected":false},"author":2,"featured_media":238769,"comment_status":"","ping_status":"","sticky":false,"template":"","format":"standard","meta":{"footnotes":"","_share_on_mastodon":"0"},"categories":[14],"tags":[131,1261,130,37,33,35,34,36],"class_list":["post-238768","post","type-post","status-publish","format-standard","has-post-thumbnail","category-ari","tag-ari","tag-bolt","tag-business","tag-ee","tag-eesti","tag-eesti-keel","tag-estonia","tag-estonian"],"share_on_mastodon":{"url":"https:\/\/pubeurope.com\/@ee\/116997552406978363","error":""},"_links":{"self":[{"href":"https:\/\/www.europesays.com\/ee\/wp-json\/wp\/v2\/posts\/238768","targetHints":{"allow":["GET"]}}],"collection":[{"href":"https:\/\/www.europesays.com\/ee\/wp-json\/wp\/v2\/posts"}],"about":[{"href":"https:\/\/www.europesays.com\/ee\/wp-json\/wp\/v2\/types\/post"}],"author":[{"embeddable":true,"href":"https:\/\/www.europesays.com\/ee\/wp-json\/wp\/v2\/users\/2"}],"replies":[{"embeddable":true,"href":"https:\/\/www.europesays.com\/ee\/wp-json\/wp\/v2\/comments?post=238768"}],"version-history":[{"count":0,"href":"https:\/\/www.europesays.com\/ee\/wp-json\/wp\/v2\/posts\/238768\/revisions"}],"wp:featuredmedia":[{"embeddable":true,"href":"https:\/\/www.europesays.com\/ee\/wp-json\/wp\/v2\/media\/238769"}],"wp:attachment":[{"href":"https:\/\/www.europesays.com\/ee\/wp-json\/wp\/v2\/media?parent=238768"}],"wp:term":[{"taxonomy":"category","embeddable":true,"href":"https:\/\/www.europesays.com\/ee\/wp-json\/wp\/v2\/categories?post=238768"},{"taxonomy":"post_tag","embeddable":true,"href":"https:\/\/www.europesays.com\/ee\/wp-json\/wp\/v2\/tags?post=238768"}],"curies":[{"name":"wp","href":"https:\/\/api.w.org\/{rel}","templated":true}]}}